{"id":95796,"date":"2022-06-28T14:37:36","date_gmt":"2022-06-28T14:37:36","guid":{"rendered":"https:\/\/americana.edu.co\/medellin\/?p=95796"},"modified":"2022-06-28T14:39:20","modified_gmt":"2022-06-28T14:39:20","slug":"universidad-a-tu-barrio-la-nueva-apuesta-para-los-jovenes","status":"publish","type":"post","link":"https:\/\/americana.edu.co\/medellin\/universidad-a-tu-barrio-la-nueva-apuesta-para-los-jovenes\/","title":{"rendered":"Universidad a tu barrio, la nueva apuesta para los j\u00f3venes"},"content":{"rendered":"<p>La Instituci\u00f3n Universitaria Americana, en conjunto con la Alcald\u00eda de Barranquilla llevan a cabo el proyecto UAB para beneficiar a cientos de j\u00f3venes barranquilleros. Con la finalidad de brindarles la posibilidad de acceder a educaci\u00f3n completamente gratuita.<\/p>\n<p><!--more--><\/p>\n<h2>Programas UAB<\/h2>\n<p>T\u00e9cnica Profesional en Procesos Empresariales, T\u00e9cnica Profesional en Procesos Tur\u00edsticos y Hoteleros, T\u00e9cnica Profesional en Procesos Contables y T\u00e9cnica Profesional en Procesos Log\u00edsticos y de Comercio Exterior. Son los programas ofertados por la <a href=\"https:\/\/americana.edu.co\/medellin\/\" target=\"_blank\" rel=\"noopener noreferrer\">Americana<\/a>, que adicionalmente se manejan por ciclos proped\u00e9uticos.<\/p>\n<p>Seg\u00fan Marco Antonio Molina Acosta, coordinador del proyecto UAB \u201cen este 2022 cumplimos 10 a\u00f1os de presencia, a trav\u00e9s del proyecto de la Secretar\u00eda de Educaci\u00f3n Distrital. En un inicio la Americana comenz\u00f3 trabajando con con tres programas de la Facultad de Ciencias Econ\u00f3micas Administrativas y Contables, ahora son cuatro los que llevan hasta los barrios\u201d.<\/p>\n<p>As\u00ed mismo, tambi\u00e9n agreg\u00f3, \u201ccontamos con cuatro sedes que en el d\u00eda funcionan como colegio del distrito y en la noche se convierten en universidad. Nuestros docentes se trasladan hasta las instalaciones de esos colegios, y ah\u00ed se imparten las clases, de la misma forma en la que se generan espacios de articulaci\u00f3n para la formaci\u00f3n integral de estos j\u00f3venes, a trav\u00e9s de los programas de Bienestar Institucional, Semilleros de Investigaci\u00f3n, clases espejo etc. En la versi\u00f3n anterior estuvimos en la penitenciar\u00eda El Bosque, formando a j\u00f3venes recluidos y en el Centro de Rehabilitaci\u00f3n el Oasis\u201d, afirm\u00f3 Marco Molina en una entrevista a Impacto News.<\/p>\n<p><img loading=\"lazy\" decoding=\"async\" class=\"size-large wp-image-95799 aligncenter\" src=\"https:\/\/americana.edu.co\/medellin\/wp-content\/uploads\/2022\/06\/WhatsApp-Image-2022-06-28-at-9.12.32-AM-1024x768.jpeg\" alt=\"\" width=\"1024\" height=\"768\" srcset=\"https:\/\/americana.edu.co\/medellin\/wp-content\/uploads\/2022\/06\/WhatsApp-Image-2022-06-28-at-9.12.32-AM.jpeg 1024w, https:\/\/americana.edu.co\/medellin\/wp-content\/uploads\/2022\/06\/WhatsApp-Image-2022-06-28-at-9.12.32-AM-300x225.jpeg 300w, https:\/\/americana.edu.co\/medellin\/wp-content\/uploads\/2022\/06\/WhatsApp-Image-2022-06-28-at-9.12.32-AM-768x576.jpeg 768w\" sizes=\"(max-width: 1024px) 100vw, 1024px\" \/><\/p>\n<p>&nbsp;<\/p>\n<p>Sin duda alguna la Americana, siempre se destaca por su valioso aporte en la educaci\u00f3n de la ciudad de Barranquilla. Impactando de manera positiva en nuestra sociedad para as\u00ed formar seres integrales, y con sentido social.<\/p>\n<h3>Reconocimientos<\/h3>\n<p>Por m\u00e1s de 15 a\u00f1os, la Instituci\u00f3n Universitaria Americana ha logrado que sus estudiantes impacten en el desarrollo social y econ\u00f3mico de su entorno. Hemos recibido reconocimientos de la <a href=\"https:\/\/www.barranquilla.gov.co\/educacion\/estudiante-uab-invita-a-jovenes-a-perseguir-sus-suenos\" target=\"_blank\" rel=\"noopener noreferrer\">Alcald\u00eda de Barranquilla<\/a>, la secretar\u00eda de educaci\u00f3n, el concejo de Barranquilla, la asamblea departamental del Atl\u00e1ntico, entre muchos m\u00e1s.<\/p>\n<p>Hemos destacado en las pruebas saber pro, lo que nos demuestra una vez m\u00e1s que entregamos educaci\u00f3n de calidad a nuestros estudiantes y estamos comprometidos con la formaci\u00f3n.<\/p>\n<p>Si quieres unirte al programa UAB, haz clic en el siguiente enlace:\u00a0<a href=\"https:\/\/aplicaciones.americana.edu.co:9090\/convocatoria-uab\/\" target=\"_blank\" rel=\"noopener noreferrer\">Programa UAB con la Americana<\/a><\/p>\n","protected":false},"excerpt":{"rendered":"<p>La Instituci\u00f3n Universitaria Americana, en conjunto con la Alcald\u00eda de Barranquilla llevan a cabo el proyecto UAB para beneficiar a cientos de j\u00f3venes barranquilleros. Con la finalidad de brindarles la posibilidad de acceder a educaci\u00f3n completamente gratuita.<\/p>\n","protected":false},"author":2,"featured_media":95797,"comment_status":"open","ping_status":"open","sticky":false,"template":"","format":"standard","meta":{"om_disable_all_campaigns":false,"footnotes":""},"categories":[163],"tags":[],"yoast_head":"<!-- This site is optimized with the Yoast SEO plugin v22.9 - https:\/\/yoast.com\/wordpress\/plugins\/seo\/ -->\n<title>Universidad a tu barrio, la nueva apuesta para los j\u00f3venes &#187; Actualidad Americana<\/title>\n<meta name=\"description\" content=\"La Americana, en conjunto con la Alcald\u00eda de Barranquilla llevan a cabo un proyecto UAB para beneficiar a cientos de j\u00f3venes barranquilleros.\" \/>\n<meta name=\"robots\" content=\"index, follow, max-snippet:-1, max-image-preview:large, max-video-preview:-1\" \/>\n<link rel=\"canonical\" href=\"https:\/\/americana.edu.co\/medellin\/universidad-a-tu-barrio-la-nueva-apuesta-para-los-jovenes\/\" \/>\n<meta property=\"og:locale\" content=\"es_ES\" \/>\n<meta property=\"og:type\" content=\"article\" \/>\n<meta property=\"og:title\" content=\"Universidad a tu barrio, la nueva apuesta para los j\u00f3venes &#187; Actualidad Americana\" \/>\n<meta property=\"og:description\" content=\"La Americana, en conjunto con la Alcald\u00eda de Barranquilla llevan a cabo un proyecto UAB para beneficiar a cientos de j\u00f3venes barranquilleros.\" \/>\n<meta property=\"og:url\" content=\"https:\/\/americana.edu.co\/medellin\/universidad-a-tu-barrio-la-nueva-apuesta-para-los-jovenes\/\" \/>\n<meta property=\"og:site_name\" content=\"Corporaci\u00f3n Universitaria Americana - Medell\u00edn\" \/>\n<meta property=\"article:published_time\" content=\"2022-06-28T14:37:36+00:00\" \/>\n<meta property=\"article:modified_time\" content=\"2022-06-28T14:39:20+00:00\" \/>\n<meta property=\"og:image\" content=\"https:\/\/americana.edu.co\/medellin\/wp-content\/uploads\/2022\/06\/pexels-fox-1595385.jpg\" \/>\n\t<meta property=\"og:image:width\" content=\"3000\" \/>\n\t<meta property=\"og:image:height\" content=\"2000\" \/>\n\t<meta property=\"og:image:type\" content=\"image\/jpeg\" \/>\n<meta name=\"author\" content=\"comunicaciones-admin\" \/>\n<meta name=\"twitter:card\" content=\"summary_large_image\" \/>\n<meta name=\"twitter:label1\" content=\"Escrito por\" \/>\n\t<meta name=\"twitter:data1\" content=\"comunicaciones-admin\" \/>\n\t<meta name=\"twitter:label2\" content=\"Tiempo de lectura\" \/>\n\t<meta name=\"twitter:data2\" content=\"2 minutos\" \/>\n<script type=\"application\/ld+json\" class=\"yoast-schema-graph\">{\"@context\":\"https:\/\/schema.org\",\"@graph\":[{\"@type\":\"Article\",\"@id\":\"https:\/\/americana.edu.co\/medellin\/universidad-a-tu-barrio-la-nueva-apuesta-para-los-jovenes\/#article\",\"isPartOf\":{\"@id\":\"https:\/\/americana.edu.co\/medellin\/universidad-a-tu-barrio-la-nueva-apuesta-para-los-jovenes\/\"},\"author\":{\"name\":\"comunicaciones-admin\",\"@id\":\"https:\/\/americana.edu.co\/medellin\/#\/schema\/person\/b59be197f1bdf80e9cc885de7c32bab4\"},\"headline\":\"Universidad a tu barrio, la nueva apuesta para los j\u00f3venes\",\"datePublished\":\"2022-06-28T14:37:36+00:00\",\"dateModified\":\"2022-06-28T14:39:20+00:00\",\"mainEntityOfPage\":{\"@id\":\"https:\/\/americana.edu.co\/medellin\/universidad-a-tu-barrio-la-nueva-apuesta-para-los-jovenes\/\"},\"wordCount\":421,\"commentCount\":0,\"publisher\":{\"@id\":\"https:\/\/americana.edu.co\/medellin\/#organization\"},\"image\":{\"@id\":\"https:\/\/americana.edu.co\/medellin\/universidad-a-tu-barrio-la-nueva-apuesta-para-los-jovenes\/#primaryimage\"},\"thumbnailUrl\":\"https:\/\/americana.edu.co\/medellin\/wp-content\/uploads\/2022\/06\/pexels-fox-1595385.jpg\",\"articleSection\":[\"Actualidad Americana - Sede Medell\u00edn\"],\"inLanguage\":\"es\",\"potentialAction\":[{\"@type\":\"CommentAction\",\"name\":\"Comment\",\"target\":[\"https:\/\/americana.edu.co\/medellin\/universidad-a-tu-barrio-la-nueva-apuesta-para-los-jovenes\/#respond\"]}]},{\"@type\":\"WebPage\",\"@id\":\"https:\/\/americana.edu.co\/medellin\/universidad-a-tu-barrio-la-nueva-apuesta-para-los-jovenes\/\",\"url\":\"https:\/\/americana.edu.co\/medellin\/universidad-a-tu-barrio-la-nueva-apuesta-para-los-jovenes\/\",\"name\":\"Universidad a tu barrio, la nueva apuesta para los j\u00f3venes &#187; Actualidad Americana\",\"isPartOf\":{\"@id\":\"https:\/\/americana.edu.co\/medellin\/#website\"},\"primaryImageOfPage\":{\"@id\":\"https:\/\/americana.edu.co\/medellin\/universidad-a-tu-barrio-la-nueva-apuesta-para-los-jovenes\/#primaryimage\"},\"image\":{\"@id\":\"https:\/\/americana.edu.co\/medellin\/universidad-a-tu-barrio-la-nueva-apuesta-para-los-jovenes\/#primaryimage\"},\"thumbnailUrl\":\"https:\/\/americana.edu.co\/medellin\/wp-content\/uploads\/2022\/06\/pexels-fox-1595385.jpg\",\"datePublished\":\"2022-06-28T14:37:36+00:00\",\"dateModified\":\"2022-06-28T14:39:20+00:00\",\"description\":\"La Americana, en conjunto con la Alcald\u00eda de Barranquilla llevan a cabo un proyecto UAB para beneficiar a cientos de j\u00f3venes barranquilleros.\",\"breadcrumb\":{\"@id\":\"https:\/\/americana.edu.co\/medellin\/universidad-a-tu-barrio-la-nueva-apuesta-para-los-jovenes\/#breadcrumb\"},\"inLanguage\":\"es\",\"potentialAction\":[{\"@type\":\"ReadAction\",\"target\":[\"https:\/\/americana.edu.co\/medellin\/universidad-a-tu-barrio-la-nueva-apuesta-para-los-jovenes\/\"]}]},{\"@type\":\"ImageObject\",\"inLanguage\":\"es\",\"@id\":\"https:\/\/americana.edu.co\/medellin\/universidad-a-tu-barrio-la-nueva-apuesta-para-los-jovenes\/#primaryimage\",\"url\":\"https:\/\/americana.edu.co\/medellin\/wp-content\/uploads\/2022\/06\/pexels-fox-1595385.jpg\",\"contentUrl\":\"https:\/\/americana.edu.co\/medellin\/wp-content\/uploads\/2022\/06\/pexels-fox-1595385.jpg\",\"width\":\"3000\",\"height\":\"2000\",\"caption\":\"programa uab\"},{\"@type\":\"BreadcrumbList\",\"@id\":\"https:\/\/americana.edu.co\/medellin\/universidad-a-tu-barrio-la-nueva-apuesta-para-los-jovenes\/#breadcrumb\",\"itemListElement\":[{\"@type\":\"ListItem\",\"position\":1,\"name\":\"Portada\",\"item\":\"https:\/\/americana.edu.co\/medellin\/\"},{\"@type\":\"ListItem\",\"position\":2,\"name\":\"Universidad a tu barrio, la nueva apuesta para los j\u00f3venes\"}]},{\"@type\":\"WebSite\",\"@id\":\"https:\/\/americana.edu.co\/medellin\/#website\",\"url\":\"https:\/\/americana.edu.co\/medellin\/\",\"name\":\"Corporaci\u00f3n Universitaria Americana - Medell\u00edn\",\"description\":\"\",\"publisher\":{\"@id\":\"https:\/\/americana.edu.co\/medellin\/#organization\"},\"potentialAction\":[{\"@type\":\"SearchAction\",\"target\":{\"@type\":\"EntryPoint\",\"urlTemplate\":\"https:\/\/americana.edu.co\/medellin\/?s={search_term_string}\"},\"query-input\":\"required name=search_term_string\"}],\"inLanguage\":\"es\"},{\"@type\":\"Organization\",\"@id\":\"https:\/\/americana.edu.co\/medellin\/#organization\",\"name\":\"Corporaci\u00f3n Universitaria Americana Barranquilla\",\"url\":\"https:\/\/americana.edu.co\/medellin\/\",\"logo\":{\"@type\":\"ImageObject\",\"inLanguage\":\"es\",\"@id\":\"https:\/\/americana.edu.co\/medellin\/#\/schema\/logo\/image\/\",\"url\":\"https:\/\/americana.edu.co\/medellin\/wp-content\/uploads\/2022\/11\/logo-americana.png\",\"contentUrl\":\"https:\/\/americana.edu.co\/medellin\/wp-content\/uploads\/2022\/11\/logo-americana.png\",\"width\":161,\"height\":195,\"caption\":\"Corporaci\u00f3n Universitaria Americana Barranquilla\"},\"image\":{\"@id\":\"https:\/\/americana.edu.co\/medellin\/#\/schema\/logo\/image\/\"}},{\"@type\":\"Person\",\"@id\":\"https:\/\/americana.edu.co\/medellin\/#\/schema\/person\/b59be197f1bdf80e9cc885de7c32bab4\",\"name\":\"comunicaciones-admin\",\"image\":{\"@type\":\"ImageObject\",\"inLanguage\":\"es\",\"@id\":\"https:\/\/americana.edu.co\/medellin\/#\/schema\/person\/image\/\",\"url\":\"https:\/\/secure.gravatar.com\/avatar\/6f8993ffc97392fbcaf2f6b187ce9c83?s=96&d=mm&r=g\",\"contentUrl\":\"https:\/\/secure.gravatar.com\/avatar\/6f8993ffc97392fbcaf2f6b187ce9c83?s=96&d=mm&r=g\",\"caption\":\"comunicaciones-admin\"},\"url\":\"https:\/\/americana.edu.co\/medellin\/author\/comunicaciones-admin\/\"}]}<\/script>\n<!-- \/ Yoast SEO plugin. -->","yoast_head_json":{"title":"Universidad a tu barrio, la nueva apuesta para los j\u00f3venes &#187; Actualidad Americana","description":"La Americana, en conjunto con la Alcald\u00eda de Barranquilla llevan a cabo un proyecto UAB para beneficiar a cientos de j\u00f3venes barranquilleros.","robots":{"index":"index","follow":"follow","max-snippet":"max-snippet:-1","max-image-preview":"max-image-preview:large","max-video-preview":"max-video-preview:-1"},"canonical":"https:\/\/americana.edu.co\/medellin\/universidad-a-tu-barrio-la-nueva-apuesta-para-los-jovenes\/","og_locale":"es_ES","og_type":"article","og_title":"Universidad a tu barrio, la nueva apuesta para los j\u00f3venes &#187; Actualidad Americana","og_description":"La Americana, en conjunto con la Alcald\u00eda de Barranquilla llevan a cabo un proyecto UAB para beneficiar a cientos de j\u00f3venes barranquilleros.","og_url":"https:\/\/americana.edu.co\/medellin\/universidad-a-tu-barrio-la-nueva-apuesta-para-los-jovenes\/","og_site_name":"Corporaci\u00f3n Universitaria Americana - Medell\u00edn","article_published_time":"2022-06-28T14:37:36+00:00","article_modified_time":"2022-06-28T14:39:20+00:00","og_image":[{"width":3000,"height":2000,"url":"https:\/\/americana.edu.co\/medellin\/wp-content\/uploads\/2022\/06\/pexels-fox-1595385.jpg","type":"image\/jpeg"}],"author":"comunicaciones-admin","twitter_card":"summary_large_image","twitter_misc":{"Escrito por":"comunicaciones-admin","Tiempo de lectura":"2 minutos"},"schema":{"@context":"https:\/\/schema.org","@graph":[{"@type":"Article","@id":"https:\/\/americana.edu.co\/medellin\/universidad-a-tu-barrio-la-nueva-apuesta-para-los-jovenes\/#article","isPartOf":{"@id":"https:\/\/americana.edu.co\/medellin\/universidad-a-tu-barrio-la-nueva-apuesta-para-los-jovenes\/"},"author":{"name":"comunicaciones-admin","@id":"https:\/\/americana.edu.co\/medellin\/#\/schema\/person\/b59be197f1bdf80e9cc885de7c32bab4"},"headline":"Universidad a tu barrio, la nueva apuesta para los j\u00f3venes","datePublished":"2022-06-28T14:37:36+00:00","dateModified":"2022-06-28T14:39:20+00:00","mainEntityOfPage":{"@id":"https:\/\/americana.edu.co\/medellin\/universidad-a-tu-barrio-la-nueva-apuesta-para-los-jovenes\/"},"wordCount":421,"commentCount":0,"publisher":{"@id":"https:\/\/americana.edu.co\/medellin\/#organization"},"image":{"@id":"https:\/\/americana.edu.co\/medellin\/universidad-a-tu-barrio-la-nueva-apuesta-para-los-jovenes\/#primaryimage"},"thumbnailUrl":"https:\/\/americana.edu.co\/medellin\/wp-content\/uploads\/2022\/06\/pexels-fox-1595385.jpg","articleSection":["Actualidad Americana - Sede Medell\u00edn"],"inLanguage":"es","potentialAction":[{"@type":"CommentAction","name":"Comment","target":["https:\/\/americana.edu.co\/medellin\/universidad-a-tu-barrio-la-nueva-apuesta-para-los-jovenes\/#respond"]}]},{"@type":"WebPage","@id":"https:\/\/americana.edu.co\/medellin\/universidad-a-tu-barrio-la-nueva-apuesta-para-los-jovenes\/","url":"https:\/\/americana.edu.co\/medellin\/universidad-a-tu-barrio-la-nueva-apuesta-para-los-jovenes\/","name":"Universidad a tu barrio, la nueva apuesta para los j\u00f3venes &#187; Actualidad Americana","isPartOf":{"@id":"https:\/\/americana.edu.co\/medellin\/#website"},"primaryImageOfPage":{"@id":"https:\/\/americana.edu.co\/medellin\/universidad-a-tu-barrio-la-nueva-apuesta-para-los-jovenes\/#primaryimage"},"image":{"@id":"https:\/\/americana.edu.co\/medellin\/universidad-a-tu-barrio-la-nueva-apuesta-para-los-jovenes\/#primaryimage"},"thumbnailUrl":"https:\/\/americana.edu.co\/medellin\/wp-content\/uploads\/2022\/06\/pexels-fox-1595385.jpg","datePublished":"2022-06-28T14:37:36+00:00","dateModified":"2022-06-28T14:39:20+00:00","description":"La Americana, en conjunto con la Alcald\u00eda de Barranquilla llevan a cabo un proyecto UAB para beneficiar a cientos de j\u00f3venes barranquilleros.","breadcrumb":{"@id":"https:\/\/americana.edu.co\/medellin\/universidad-a-tu-barrio-la-nueva-apuesta-para-los-jovenes\/#breadcrumb"},"inLanguage":"es","potentialAction":[{"@type":"ReadAction","target":["https:\/\/americana.edu.co\/medellin\/universidad-a-tu-barrio-la-nueva-apuesta-para-los-jovenes\/"]}]},{"@type":"ImageObject","inLanguage":"es","@id":"https:\/\/americana.edu.co\/medellin\/universidad-a-tu-barrio-la-nueva-apuesta-para-los-jovenes\/#primaryimage","url":"https:\/\/americana.edu.co\/medellin\/wp-content\/uploads\/2022\/06\/pexels-fox-1595385.jpg","contentUrl":"https:\/\/americana.edu.co\/medellin\/wp-content\/uploads\/2022\/06\/pexels-fox-1595385.jpg","width":"3000","height":"2000","caption":"programa uab"},{"@type":"BreadcrumbList","@id":"https:\/\/americana.edu.co\/medellin\/universidad-a-tu-barrio-la-nueva-apuesta-para-los-jovenes\/#breadcrumb","itemListElement":[{"@type":"ListItem","position":1,"name":"Portada","item":"https:\/\/americana.edu.co\/medellin\/"},{"@type":"ListItem","position":2,"name":"Universidad a tu barrio, la nueva apuesta para los j\u00f3venes"}]},{"@type":"WebSite","@id":"https:\/\/americana.edu.co\/medellin\/#website","url":"https:\/\/americana.edu.co\/medellin\/","name":"Corporaci\u00f3n Universitaria Americana - Medell\u00edn","description":"","publisher":{"@id":"https:\/\/americana.edu.co\/medellin\/#organization"},"potentialAction":[{"@type":"SearchAction","target":{"@type":"EntryPoint","urlTemplate":"https:\/\/americana.edu.co\/medellin\/?s={search_term_string}"},"query-input":"required name=search_term_string"}],"inLanguage":"es"},{"@type":"Organization","@id":"https:\/\/americana.edu.co\/medellin\/#organization","name":"Corporaci\u00f3n Universitaria Americana Barranquilla","url":"https:\/\/americana.edu.co\/medellin\/","logo":{"@type":"ImageObject","inLanguage":"es","@id":"https:\/\/americana.edu.co\/medellin\/#\/schema\/logo\/image\/","url":"https:\/\/americana.edu.co\/medellin\/wp-content\/uploads\/2022\/11\/logo-americana.png","contentUrl":"https:\/\/americana.edu.co\/medellin\/wp-content\/uploads\/2022\/11\/logo-americana.png","width":161,"height":195,"caption":"Corporaci\u00f3n Universitaria Americana Barranquilla"},"image":{"@id":"https:\/\/americana.edu.co\/medellin\/#\/schema\/logo\/image\/"}},{"@type":"Person","@id":"https:\/\/americana.edu.co\/medellin\/#\/schema\/person\/b59be197f1bdf80e9cc885de7c32bab4","name":"comunicaciones-admin","image":{"@type":"ImageObject","inLanguage":"es","@id":"https:\/\/americana.edu.co\/medellin\/#\/schema\/person\/image\/","url":"https:\/\/secure.gravatar.com\/avatar\/6f8993ffc97392fbcaf2f6b187ce9c83?s=96&d=mm&r=g","contentUrl":"https:\/\/secure.gravatar.com\/avatar\/6f8993ffc97392fbcaf2f6b187ce9c83?s=96&d=mm&r=g","caption":"comunicaciones-admin"},"url":"https:\/\/americana.edu.co\/medellin\/author\/comunicaciones-admin\/"}]}},"_links":{"self":[{"href":"https:\/\/americana.edu.co\/medellin\/wp-json\/wp\/v2\/posts\/95796"}],"collection":[{"href":"https:\/\/americana.edu.co\/medellin\/wp-json\/wp\/v2\/posts"}],"about":[{"href":"https:\/\/americana.edu.co\/medellin\/wp-json\/wp\/v2\/types\/post"}],"author":[{"embeddable":true,"href":"https:\/\/americana.edu.co\/medellin\/wp-json\/wp\/v2\/users\/2"}],"replies":[{"embeddable":true,"href":"https:\/\/americana.edu.co\/medellin\/wp-json\/wp\/v2\/comments?post=95796"}],"version-history":[{"count":5,"href":"https:\/\/americana.edu.co\/medellin\/wp-json\/wp\/v2\/posts\/95796\/revisions"}],"predecessor-version":[{"id":95804,"href":"https:\/\/americana.edu.co\/medellin\/wp-json\/wp\/v2\/posts\/95796\/revisions\/95804"}],"wp:featuredmedia":[{"embeddable":true,"href":"https:\/\/americana.edu.co\/medellin\/wp-json\/wp\/v2\/media\/95797"}],"wp:attachment":[{"href":"https:\/\/americana.edu.co\/medellin\/wp-json\/wp\/v2\/media?parent=95796"}],"wp:term":[{"taxonomy":"category","embeddable":true,"href":"https:\/\/americana.edu.co\/medellin\/wp-json\/wp\/v2\/categories?post=95796"},{"taxonomy":"post_tag","embeddable":true,"href":"https:\/\/americana.edu.co\/medellin\/wp-json\/wp\/v2\/tags?post=95796"}],"curies":[{"name":"wp","href":"https:\/\/api.w.org\/{rel}","templated":true}]}}