{"id":97441,"date":"2023-08-18T21:42:56","date_gmt":"2023-08-18T21:42:56","guid":{"rendered":"https:\/\/americana.edu.co\/medellin\/?p=97441"},"modified":"2023-08-18T21:42:56","modified_gmt":"2023-08-18T21:42:56","slug":"la-americana-representada-por-nuestro-rector-albert-corredor-gomez-esta-participando-del-8vo-congreso-empresarial-colombiano-79a-asamblea-nacional-de-la-andi","status":"publish","type":"post","link":"https:\/\/americana.edu.co\/medellin\/la-americana-representada-por-nuestro-rector-albert-corredor-gomez-esta-participando-del-8vo-congreso-empresarial-colombiano-79a-asamblea-nacional-de-la-andi\/","title":{"rendered":"La Americana representada por nuestro rector Albert Corredor G\u00f3mez est\u00e1 participando del 8vo Congreso Empresarial Colombiano &#8211; 79a Asamblea Nacional de la ANDI"},"content":{"rendered":"<h1>La Americana representada por nuestro rector Albert Corredor G\u00f3mez est\u00e1 participando del 8vo Congreso Empresarial Colombiano &#8211; 79a Asamblea Nacional de la ANDI<\/h1>\n<p><img loading=\"lazy\" decoding=\"async\" class=\"alignnone size-full wp-image-97443 aligncenter\" src=\"https:\/\/americana.edu.co\/medellin\/wp-content\/uploads\/2023\/08\/WhatsApp-Image-2023-08-18-at-4.10.23-PM-1.jpeg\" alt=\"\" width=\"1024\" height=\"768\" srcset=\"https:\/\/americana.edu.co\/medellin\/wp-content\/uploads\/2023\/08\/WhatsApp-Image-2023-08-18-at-4.10.23-PM-1.jpeg 1024w, https:\/\/americana.edu.co\/medellin\/wp-content\/uploads\/2023\/08\/WhatsApp-Image-2023-08-18-at-4.10.23-PM-1-300x225.jpeg 300w, https:\/\/americana.edu.co\/medellin\/wp-content\/uploads\/2023\/08\/WhatsApp-Image-2023-08-18-at-4.10.23-PM-1-768x576.jpeg 768w\" sizes=\"(max-width: 1024px) 100vw, 1024px\" \/><\/p>\n<p>La ANDI es el gremio empresarial m\u00e1s importante de Colombia, el cual, re\u00fane a los grandes empresarios del pa\u00eds para defender no solo la funci\u00f3n social del sector privado, sino para ser parte de la construcci\u00f3n de pa\u00eds, de sociedad, de equidad; para luchar contra la pobreza, generar empleo y defender la democracia, las instituciones, la constituci\u00f3n, la libre empresa, el libre mercado y la propiedad privada.<\/p>\n<p>Esta versi\u00f3n del CEC ser\u00e1 un gran punto de confluencia de ideas y debate constructivo al contar con la participaci\u00f3n de expertos nacionales e internacionales que abordar\u00e1n an\u00e1lisis de la actualidad y realizar\u00e1n propuestas al pa\u00eds alrededor de la econom\u00eda, el empleo, la educaci\u00f3n, la transformaci\u00f3n digital, y el desarrollo social, entre otros temas relevantes y definitivos para la regi\u00f3n, donde se busca fijar una agenda de crecimiento para el pa\u00eds.<\/p>\n<p>La Corporaci\u00f3n Universitaria Americana, est\u00e1 comprometida con la formaci\u00f3n de seres humanos integrales, competentes y emprendedores, mediante procesos de docencia, investigaci\u00f3n y proyecci\u00f3n social, manifiestos a nivel nacional e internacional, buscando contribuir a la construcci\u00f3n de una sociedad m\u00e1s justa, equitativa e incluyente. Hoy hace presencia en este evento como afiliado, el cual, se est\u00e1 llevando a cabo en Cartagena y tiene como objetivo construir propuestas que permitan seguir aportando al crecimiento del pa\u00eds.<\/p>\n<p>De este espacio, tambi\u00e9n hicieron parte la Ministra de Educaci\u00f3n, Aurora Vergara Figueroa, con quien el rector de la Americana, Albert Corredor G\u00f3mez, tuvo la posibilidad de tener un acercamiento antes de comenzar el congreso, y as\u00ed mismo con el Ministro de Comercio, Industria y Turismo, Germ\u00e1n Uma\u00f1a.<\/p>\n<p>Adem\u00e1s de la presencia de la Americana tambi\u00e9n participa CENSA como grupo empresarial, en este congreso se cuenta con la asistencia de organizaciones muy importantes del pa\u00eds, en representaci\u00f3n de sus presidentes, como lo son Davivienda, Comfama, Corona, Fedegan, entre otros.<\/p>\n<p>Este tipo de espacios siguen posicionando la Americana como un referente en tem\u00e1ticas de educaci\u00f3n para el crecimiento de las oportunidades en el pa\u00eds, en donde, nuestra perspectiva como grupo empresarial y como instituci\u00f3n, abre el espectro para la creaci\u00f3n de proyectos conjuntos con participantes del sector productivo, en pro del crecimiento del pa\u00eds.<\/p>\n","protected":false},"excerpt":{"rendered":"<p>La Americana representada por nuestro rector Albert Corredor G\u00f3mez est\u00e1 participando del 8vo Congreso Empresarial Colombiano &#8211; 79a Asamblea Nacional de la ANDI La ANDI es el gremio empresarial m\u00e1s importante de Colombia, el cual, re\u00fane a los grandes empresarios del pa\u00eds para defender no solo la funci\u00f3n social del sector privado, sino para ser [&hellip;]<\/p>\n","protected":false},"author":5,"featured_media":97448,"comment_status":"open","ping_status":"open","sticky":false,"template":"","format":"standard","meta":{"om_disable_all_campaigns":false,"footnotes":""},"categories":[163],"tags":[],"yoast_head":"<!-- This site is optimized with the Yoast SEO plugin v22.9 - https:\/\/yoast.com\/wordpress\/plugins\/seo\/ -->\n<title>La Americana representada por nuestro rector Albert Corredor G\u00f3mez est\u00e1 participando del 8vo Congreso Empresarial Colombiano - 79a Asamblea Nacional de la ANDI &#187; Actualidad Americana<\/title>\n<meta name=\"robots\" content=\"index, follow, max-snippet:-1, max-image-preview:large, max-video-preview:-1\" \/>\n<link rel=\"canonical\" href=\"https:\/\/americana.edu.co\/medellin\/la-americana-representada-por-nuestro-rector-albert-corredor-gomez-esta-participando-del-8vo-congreso-empresarial-colombiano-79a-asamblea-nacional-de-la-andi\/\" \/>\n<meta property=\"og:locale\" content=\"es_ES\" \/>\n<meta property=\"og:type\" content=\"article\" \/>\n<meta property=\"og:title\" content=\"La Americana representada por nuestro rector Albert Corredor G\u00f3mez est\u00e1 participando del 8vo Congreso Empresarial Colombiano - 79a Asamblea Nacional de la ANDI &#187; Actualidad Americana\" \/>\n<meta property=\"og:description\" content=\"La Americana representada por nuestro rector Albert Corredor G\u00f3mez est\u00e1 participando del 8vo Congreso Empresarial Colombiano &#8211; 79a Asamblea Nacional de la ANDI La ANDI es el gremio empresarial m\u00e1s importante de Colombia, el cual, re\u00fane a los grandes empresarios del pa\u00eds para defender no solo la funci\u00f3n social del sector privado, sino para ser [&hellip;]\" \/>\n<meta property=\"og:url\" content=\"https:\/\/americana.edu.co\/medellin\/la-americana-representada-por-nuestro-rector-albert-corredor-gomez-esta-participando-del-8vo-congreso-empresarial-colombiano-79a-asamblea-nacional-de-la-andi\/\" \/>\n<meta property=\"og:site_name\" content=\"Corporaci\u00f3n Universitaria Americana - Medell\u00edn\" \/>\n<meta property=\"article:published_time\" content=\"2023-08-18T21:42:56+00:00\" \/>\n<meta property=\"og:image\" content=\"https:\/\/americana.edu.co\/medellin\/wp-content\/uploads\/2023\/08\/banner-noticias-congreso-ANDI.png\" \/>\n\t<meta property=\"og:image:width\" content=\"2232\" \/>\n\t<meta property=\"og:image:height\" content=\"1190\" \/>\n\t<meta property=\"og:image:type\" content=\"image\/png\" \/>\n<meta name=\"author\" content=\"Administrador Web\" \/>\n<meta name=\"twitter:card\" content=\"summary_large_image\" \/>\n<meta name=\"twitter:label1\" content=\"Escrito por\" \/>\n\t<meta name=\"twitter:data1\" content=\"Administrador Web\" \/>\n\t<meta name=\"twitter:label2\" content=\"Tiempo de lectura\" \/>\n\t<meta name=\"twitter:data2\" content=\"2 minutos\" \/>\n<script type=\"application\/ld+json\" class=\"yoast-schema-graph\">{\"@context\":\"https:\/\/schema.org\",\"@graph\":[{\"@type\":\"Article\",\"@id\":\"https:\/\/americana.edu.co\/medellin\/la-americana-representada-por-nuestro-rector-albert-corredor-gomez-esta-participando-del-8vo-congreso-empresarial-colombiano-79a-asamblea-nacional-de-la-andi\/#article\",\"isPartOf\":{\"@id\":\"https:\/\/americana.edu.co\/medellin\/la-americana-representada-por-nuestro-rector-albert-corredor-gomez-esta-participando-del-8vo-congreso-empresarial-colombiano-79a-asamblea-nacional-de-la-andi\/\"},\"author\":{\"name\":\"Administrador Web\",\"@id\":\"https:\/\/americana.edu.co\/medellin\/#\/schema\/person\/2ddfdf2113f038048079ea0a4fdba2d2\"},\"headline\":\"La Americana representada por nuestro rector Albert Corredor G\u00f3mez est\u00e1 participando del 8vo Congreso Empresarial Colombiano &#8211; 79a Asamblea Nacional de la ANDI\",\"datePublished\":\"2023-08-18T21:42:56+00:00\",\"dateModified\":\"2023-08-18T21:42:56+00:00\",\"mainEntityOfPage\":{\"@id\":\"https:\/\/americana.edu.co\/medellin\/la-americana-representada-por-nuestro-rector-albert-corredor-gomez-esta-participando-del-8vo-congreso-empresarial-colombiano-79a-asamblea-nacional-de-la-andi\/\"},\"wordCount\":443,\"commentCount\":0,\"publisher\":{\"@id\":\"https:\/\/americana.edu.co\/medellin\/#organization\"},\"image\":{\"@id\":\"https:\/\/americana.edu.co\/medellin\/la-americana-representada-por-nuestro-rector-albert-corredor-gomez-esta-participando-del-8vo-congreso-empresarial-colombiano-79a-asamblea-nacional-de-la-andi\/#primaryimage\"},\"thumbnailUrl\":\"https:\/\/americana.edu.co\/medellin\/wp-content\/uploads\/2023\/08\/banner-noticias-congreso-ANDI.png\",\"articleSection\":[\"Actualidad Americana - Sede Medell\u00edn\"],\"inLanguage\":\"es\",\"potentialAction\":[{\"@type\":\"CommentAction\",\"name\":\"Comment\",\"target\":[\"https:\/\/americana.edu.co\/medellin\/la-americana-representada-por-nuestro-rector-albert-corredor-gomez-esta-participando-del-8vo-congreso-empresarial-colombiano-79a-asamblea-nacional-de-la-andi\/#respond\"]}]},{\"@type\":\"WebPage\",\"@id\":\"https:\/\/americana.edu.co\/medellin\/la-americana-representada-por-nuestro-rector-albert-corredor-gomez-esta-participando-del-8vo-congreso-empresarial-colombiano-79a-asamblea-nacional-de-la-andi\/\",\"url\":\"https:\/\/americana.edu.co\/medellin\/la-americana-representada-por-nuestro-rector-albert-corredor-gomez-esta-participando-del-8vo-congreso-empresarial-colombiano-79a-asamblea-nacional-de-la-andi\/\",\"name\":\"La Americana representada por nuestro rector Albert Corredor G\u00f3mez est\u00e1 participando del 8vo Congreso Empresarial Colombiano - 79a Asamblea Nacional de la ANDI &#187; Actualidad Americana\",\"isPartOf\":{\"@id\":\"https:\/\/americana.edu.co\/medellin\/#website\"},\"primaryImageOfPage\":{\"@id\":\"https:\/\/americana.edu.co\/medellin\/la-americana-representada-por-nuestro-rector-albert-corredor-gomez-esta-participando-del-8vo-congreso-empresarial-colombiano-79a-asamblea-nacional-de-la-andi\/#primaryimage\"},\"image\":{\"@id\":\"https:\/\/americana.edu.co\/medellin\/la-americana-representada-por-nuestro-rector-albert-corredor-gomez-esta-participando-del-8vo-congreso-empresarial-colombiano-79a-asamblea-nacional-de-la-andi\/#primaryimage\"},\"thumbnailUrl\":\"https:\/\/americana.edu.co\/medellin\/wp-content\/uploads\/2023\/08\/banner-noticias-congreso-ANDI.png\",\"datePublished\":\"2023-08-18T21:42:56+00:00\",\"dateModified\":\"2023-08-18T21:42:56+00:00\",\"breadcrumb\":{\"@id\":\"https:\/\/americana.edu.co\/medellin\/la-americana-representada-por-nuestro-rector-albert-corredor-gomez-esta-participando-del-8vo-congreso-empresarial-colombiano-79a-asamblea-nacional-de-la-andi\/#breadcrumb\"},\"inLanguage\":\"es\",\"potentialAction\":[{\"@type\":\"ReadAction\",\"target\":[\"https:\/\/americana.edu.co\/medellin\/la-americana-representada-por-nuestro-rector-albert-corredor-gomez-esta-participando-del-8vo-congreso-empresarial-colombiano-79a-asamblea-nacional-de-la-andi\/\"]}]},{\"@type\":\"ImageObject\",\"inLanguage\":\"es\",\"@id\":\"https:\/\/americana.edu.co\/medellin\/la-americana-representada-por-nuestro-rector-albert-corredor-gomez-esta-participando-del-8vo-congreso-empresarial-colombiano-79a-asamblea-nacional-de-la-andi\/#primaryimage\",\"url\":\"https:\/\/americana.edu.co\/medellin\/wp-content\/uploads\/2023\/08\/banner-noticias-congreso-ANDI.png\",\"contentUrl\":\"https:\/\/americana.edu.co\/medellin\/wp-content\/uploads\/2023\/08\/banner-noticias-congreso-ANDI.png\",\"width\":2232,\"height\":1190},{\"@type\":\"BreadcrumbList\",\"@id\":\"https:\/\/americana.edu.co\/medellin\/la-americana-representada-por-nuestro-rector-albert-corredor-gomez-esta-participando-del-8vo-congreso-empresarial-colombiano-79a-asamblea-nacional-de-la-andi\/#breadcrumb\",\"itemListElement\":[{\"@type\":\"ListItem\",\"position\":1,\"name\":\"Portada\",\"item\":\"https:\/\/americana.edu.co\/medellin\/\"},{\"@type\":\"ListItem\",\"position\":2,\"name\":\"La Americana representada por nuestro rector Albert Corredor G\u00f3mez est\u00e1 participando del 8vo Congreso Empresarial Colombiano &#8211; 79a Asamblea Nacional de la ANDI\"}]},{\"@type\":\"WebSite\",\"@id\":\"https:\/\/americana.edu.co\/medellin\/#website\",\"url\":\"https:\/\/americana.edu.co\/medellin\/\",\"name\":\"Corporaci\u00f3n Universitaria Americana - Medell\u00edn\",\"description\":\"\",\"publisher\":{\"@id\":\"https:\/\/americana.edu.co\/medellin\/#organization\"},\"potentialAction\":[{\"@type\":\"SearchAction\",\"target\":{\"@type\":\"EntryPoint\",\"urlTemplate\":\"https:\/\/americana.edu.co\/medellin\/?s={search_term_string}\"},\"query-input\":\"required name=search_term_string\"}],\"inLanguage\":\"es\"},{\"@type\":\"Organization\",\"@id\":\"https:\/\/americana.edu.co\/medellin\/#organization\",\"name\":\"Corporaci\u00f3n Universitaria Americana Barranquilla\",\"url\":\"https:\/\/americana.edu.co\/medellin\/\",\"logo\":{\"@type\":\"ImageObject\",\"inLanguage\":\"es\",\"@id\":\"https:\/\/americana.edu.co\/medellin\/#\/schema\/logo\/image\/\",\"url\":\"https:\/\/americana.edu.co\/medellin\/wp-content\/uploads\/2022\/11\/logo-americana.png\",\"contentUrl\":\"https:\/\/americana.edu.co\/medellin\/wp-content\/uploads\/2022\/11\/logo-americana.png\",\"width\":161,\"height\":195,\"caption\":\"Corporaci\u00f3n Universitaria Americana Barranquilla\"},\"image\":{\"@id\":\"https:\/\/americana.edu.co\/medellin\/#\/schema\/logo\/image\/\"}},{\"@type\":\"Person\",\"@id\":\"https:\/\/americana.edu.co\/medellin\/#\/schema\/person\/2ddfdf2113f038048079ea0a4fdba2d2\",\"name\":\"Administrador Web\",\"image\":{\"@type\":\"ImageObject\",\"inLanguage\":\"es\",\"@id\":\"https:\/\/americana.edu.co\/medellin\/#\/schema\/person\/image\/\",\"url\":\"https:\/\/secure.gravatar.com\/avatar\/af27df42cee587c3b1216bd1b4bfbc80?s=96&d=mm&r=g\",\"contentUrl\":\"https:\/\/secure.gravatar.com\/avatar\/af27df42cee587c3b1216bd1b4bfbc80?s=96&d=mm&r=g\",\"caption\":\"Administrador Web\"},\"url\":\"https:\/\/americana.edu.co\/medellin\/author\/webmastermd25\/\"}]}<\/script>\n<!-- \/ Yoast SEO plugin. -->","yoast_head_json":{"title":"La Americana representada por nuestro rector Albert Corredor G\u00f3mez est\u00e1 participando del 8vo Congreso Empresarial Colombiano - 79a Asamblea Nacional de la ANDI &#187; Actualidad Americana","robots":{"index":"index","follow":"follow","max-snippet":"max-snippet:-1","max-image-preview":"max-image-preview:large","max-video-preview":"max-video-preview:-1"},"canonical":"https:\/\/americana.edu.co\/medellin\/la-americana-representada-por-nuestro-rector-albert-corredor-gomez-esta-participando-del-8vo-congreso-empresarial-colombiano-79a-asamblea-nacional-de-la-andi\/","og_locale":"es_ES","og_type":"article","og_title":"La Americana representada por nuestro rector Albert Corredor G\u00f3mez est\u00e1 participando del 8vo Congreso Empresarial Colombiano - 79a Asamblea Nacional de la ANDI &#187; Actualidad Americana","og_description":"La Americana representada por nuestro rector Albert Corredor G\u00f3mez est\u00e1 participando del 8vo Congreso Empresarial Colombiano &#8211; 79a Asamblea Nacional de la ANDI La ANDI es el gremio empresarial m\u00e1s importante de Colombia, el cual, re\u00fane a los grandes empresarios del pa\u00eds para defender no solo la funci\u00f3n social del sector privado, sino para ser [&hellip;]","og_url":"https:\/\/americana.edu.co\/medellin\/la-americana-representada-por-nuestro-rector-albert-corredor-gomez-esta-participando-del-8vo-congreso-empresarial-colombiano-79a-asamblea-nacional-de-la-andi\/","og_site_name":"Corporaci\u00f3n Universitaria Americana - Medell\u00edn","article_published_time":"2023-08-18T21:42:56+00:00","og_image":[{"width":2232,"height":1190,"url":"https:\/\/americana.edu.co\/medellin\/wp-content\/uploads\/2023\/08\/banner-noticias-congreso-ANDI.png","type":"image\/png"}],"author":"Administrador Web","twitter_card":"summary_large_image","twitter_misc":{"Escrito por":"Administrador Web","Tiempo de lectura":"2 minutos"},"schema":{"@context":"https:\/\/schema.org","@graph":[{"@type":"Article","@id":"https:\/\/americana.edu.co\/medellin\/la-americana-representada-por-nuestro-rector-albert-corredor-gomez-esta-participando-del-8vo-congreso-empresarial-colombiano-79a-asamblea-nacional-de-la-andi\/#article","isPartOf":{"@id":"https:\/\/americana.edu.co\/medellin\/la-americana-representada-por-nuestro-rector-albert-corredor-gomez-esta-participando-del-8vo-congreso-empresarial-colombiano-79a-asamblea-nacional-de-la-andi\/"},"author":{"name":"Administrador Web","@id":"https:\/\/americana.edu.co\/medellin\/#\/schema\/person\/2ddfdf2113f038048079ea0a4fdba2d2"},"headline":"La Americana representada por nuestro rector Albert Corredor G\u00f3mez est\u00e1 participando del 8vo Congreso Empresarial Colombiano &#8211; 79a Asamblea Nacional de la ANDI","datePublished":"2023-08-18T21:42:56+00:00","dateModified":"2023-08-18T21:42:56+00:00","mainEntityOfPage":{"@id":"https:\/\/americana.edu.co\/medellin\/la-americana-representada-por-nuestro-rector-albert-corredor-gomez-esta-participando-del-8vo-congreso-empresarial-colombiano-79a-asamblea-nacional-de-la-andi\/"},"wordCount":443,"commentCount":0,"publisher":{"@id":"https:\/\/americana.edu.co\/medellin\/#organization"},"image":{"@id":"https:\/\/americana.edu.co\/medellin\/la-americana-representada-por-nuestro-rector-albert-corredor-gomez-esta-participando-del-8vo-congreso-empresarial-colombiano-79a-asamblea-nacional-de-la-andi\/#primaryimage"},"thumbnailUrl":"https:\/\/americana.edu.co\/medellin\/wp-content\/uploads\/2023\/08\/banner-noticias-congreso-ANDI.png","articleSection":["Actualidad Americana - Sede Medell\u00edn"],"inLanguage":"es","potentialAction":[{"@type":"CommentAction","name":"Comment","target":["https:\/\/americana.edu.co\/medellin\/la-americana-representada-por-nuestro-rector-albert-corredor-gomez-esta-participando-del-8vo-congreso-empresarial-colombiano-79a-asamblea-nacional-de-la-andi\/#respond"]}]},{"@type":"WebPage","@id":"https:\/\/americana.edu.co\/medellin\/la-americana-representada-por-nuestro-rector-albert-corredor-gomez-esta-participando-del-8vo-congreso-empresarial-colombiano-79a-asamblea-nacional-de-la-andi\/","url":"https:\/\/americana.edu.co\/medellin\/la-americana-representada-por-nuestro-rector-albert-corredor-gomez-esta-participando-del-8vo-congreso-empresarial-colombiano-79a-asamblea-nacional-de-la-andi\/","name":"La Americana representada por nuestro rector Albert Corredor G\u00f3mez est\u00e1 participando del 8vo Congreso Empresarial Colombiano - 79a Asamblea Nacional de la ANDI &#187; Actualidad Americana","isPartOf":{"@id":"https:\/\/americana.edu.co\/medellin\/#website"},"primaryImageOfPage":{"@id":"https:\/\/americana.edu.co\/medellin\/la-americana-representada-por-nuestro-rector-albert-corredor-gomez-esta-participando-del-8vo-congreso-empresarial-colombiano-79a-asamblea-nacional-de-la-andi\/#primaryimage"},"image":{"@id":"https:\/\/americana.edu.co\/medellin\/la-americana-representada-por-nuestro-rector-albert-corredor-gomez-esta-participando-del-8vo-congreso-empresarial-colombiano-79a-asamblea-nacional-de-la-andi\/#primaryimage"},"thumbnailUrl":"https:\/\/americana.edu.co\/medellin\/wp-content\/uploads\/2023\/08\/banner-noticias-congreso-ANDI.png","datePublished":"2023-08-18T21:42:56+00:00","dateModified":"2023-08-18T21:42:56+00:00","breadcrumb":{"@id":"https:\/\/americana.edu.co\/medellin\/la-americana-representada-por-nuestro-rector-albert-corredor-gomez-esta-participando-del-8vo-congreso-empresarial-colombiano-79a-asamblea-nacional-de-la-andi\/#breadcrumb"},"inLanguage":"es","potentialAction":[{"@type":"ReadAction","target":["https:\/\/americana.edu.co\/medellin\/la-americana-representada-por-nuestro-rector-albert-corredor-gomez-esta-participando-del-8vo-congreso-empresarial-colombiano-79a-asamblea-nacional-de-la-andi\/"]}]},{"@type":"ImageObject","inLanguage":"es","@id":"https:\/\/americana.edu.co\/medellin\/la-americana-representada-por-nuestro-rector-albert-corredor-gomez-esta-participando-del-8vo-congreso-empresarial-colombiano-79a-asamblea-nacional-de-la-andi\/#primaryimage","url":"https:\/\/americana.edu.co\/medellin\/wp-content\/uploads\/2023\/08\/banner-noticias-congreso-ANDI.png","contentUrl":"https:\/\/americana.edu.co\/medellin\/wp-content\/uploads\/2023\/08\/banner-noticias-congreso-ANDI.png","width":2232,"height":1190},{"@type":"BreadcrumbList","@id":"https:\/\/americana.edu.co\/medellin\/la-americana-representada-por-nuestro-rector-albert-corredor-gomez-esta-participando-del-8vo-congreso-empresarial-colombiano-79a-asamblea-nacional-de-la-andi\/#breadcrumb","itemListElement":[{"@type":"ListItem","position":1,"name":"Portada","item":"https:\/\/americana.edu.co\/medellin\/"},{"@type":"ListItem","position":2,"name":"La Americana representada por nuestro rector Albert Corredor G\u00f3mez est\u00e1 participando del 8vo Congreso Empresarial Colombiano &#8211; 79a Asamblea Nacional de la ANDI"}]},{"@type":"WebSite","@id":"https:\/\/americana.edu.co\/medellin\/#website","url":"https:\/\/americana.edu.co\/medellin\/","name":"Corporaci\u00f3n Universitaria Americana - Medell\u00edn","description":"","publisher":{"@id":"https:\/\/americana.edu.co\/medellin\/#organization"},"potentialAction":[{"@type":"SearchAction","target":{"@type":"EntryPoint","urlTemplate":"https:\/\/americana.edu.co\/medellin\/?s={search_term_string}"},"query-input":"required name=search_term_string"}],"inLanguage":"es"},{"@type":"Organization","@id":"https:\/\/americana.edu.co\/medellin\/#organization","name":"Corporaci\u00f3n Universitaria Americana Barranquilla","url":"https:\/\/americana.edu.co\/medellin\/","logo":{"@type":"ImageObject","inLanguage":"es","@id":"https:\/\/americana.edu.co\/medellin\/#\/schema\/logo\/image\/","url":"https:\/\/americana.edu.co\/medellin\/wp-content\/uploads\/2022\/11\/logo-americana.png","contentUrl":"https:\/\/americana.edu.co\/medellin\/wp-content\/uploads\/2022\/11\/logo-americana.png","width":161,"height":195,"caption":"Corporaci\u00f3n Universitaria Americana Barranquilla"},"image":{"@id":"https:\/\/americana.edu.co\/medellin\/#\/schema\/logo\/image\/"}},{"@type":"Person","@id":"https:\/\/americana.edu.co\/medellin\/#\/schema\/person\/2ddfdf2113f038048079ea0a4fdba2d2","name":"Administrador Web","image":{"@type":"ImageObject","inLanguage":"es","@id":"https:\/\/americana.edu.co\/medellin\/#\/schema\/person\/image\/","url":"https:\/\/secure.gravatar.com\/avatar\/af27df42cee587c3b1216bd1b4bfbc80?s=96&d=mm&r=g","contentUrl":"https:\/\/secure.gravatar.com\/avatar\/af27df42cee587c3b1216bd1b4bfbc80?s=96&d=mm&r=g","caption":"Administrador Web"},"url":"https:\/\/americana.edu.co\/medellin\/author\/webmastermd25\/"}]}},"_links":{"self":[{"href":"https:\/\/americana.edu.co\/medellin\/wp-json\/wp\/v2\/posts\/97441"}],"collection":[{"href":"https:\/\/americana.edu.co\/medellin\/wp-json\/wp\/v2\/posts"}],"about":[{"href":"https:\/\/americana.edu.co\/medellin\/wp-json\/wp\/v2\/types\/post"}],"author":[{"embeddable":true,"href":"https:\/\/americana.edu.co\/medellin\/wp-json\/wp\/v2\/users\/5"}],"replies":[{"embeddable":true,"href":"https:\/\/americana.edu.co\/medellin\/wp-json\/wp\/v2\/comments?post=97441"}],"version-history":[{"count":5,"href":"https:\/\/americana.edu.co\/medellin\/wp-json\/wp\/v2\/posts\/97441\/revisions"}],"predecessor-version":[{"id":97449,"href":"https:\/\/americana.edu.co\/medellin\/wp-json\/wp\/v2\/posts\/97441\/revisions\/97449"}],"wp:featuredmedia":[{"embeddable":true,"href":"https:\/\/americana.edu.co\/medellin\/wp-json\/wp\/v2\/media\/97448"}],"wp:attachment":[{"href":"https:\/\/americana.edu.co\/medellin\/wp-json\/wp\/v2\/media?parent=97441"}],"wp:term":[{"taxonomy":"category","embeddable":true,"href":"https:\/\/americana.edu.co\/medellin\/wp-json\/wp\/v2\/categories?post=97441"},{"taxonomy":"post_tag","embeddable":true,"href":"https:\/\/americana.edu.co\/medellin\/wp-json\/wp\/v2\/tags?post=97441"}],"curies":[{"name":"wp","href":"https:\/\/api.w.org\/{rel}","templated":true}]}}