{"id":97674,"date":"2023-09-02T22:14:52","date_gmt":"2023-09-02T22:14:52","guid":{"rendered":"https:\/\/americana.edu.co\/medellin\/?p=97674"},"modified":"2023-09-02T22:14:52","modified_gmt":"2023-09-02T22:14:52","slug":"el-exito-del-doctorado-de-albert-corredor-gomez","status":"publish","type":"post","link":"https:\/\/americana.edu.co\/medellin\/el-exito-del-doctorado-de-albert-corredor-gomez\/","title":{"rendered":"El \u00e9xito del Doctorado de Albert Corredor G\u00f3mez"},"content":{"rendered":"<h1>El resultado de la alianza entre Educaci\u00f3n y el Liderazgo Empresarial<\/h1>\n<p>El presidente del Grupo Empresarial CENSA, Albert Corredor G\u00f3mez, ha alcanzado un hito significativo en su carrera al obtener su doctorado en Estudios Organizacionales, por ello, celebramos la importancia de la academia<br \/>\na lo largo de su vida y su aporte a una sociedad m\u00e1s justa, equitativa e incluyente.<\/p>\n<p>Su tesis doctoral, titulada &#8220;Estrategias para el Fortalecimiento de la Innovaci\u00f3n Educativa en la Corporaci\u00f3n Universitaria Americana,&#8221; fue defendida con \u00e9xito en la Universidad Aut\u00f3noma Metropolitana sede Iztapalapa &#8211; UAM, cuarta instituci\u00f3n m\u00e1s importante de M\u00e9xico y una de las m\u00e1s respetadas en Am\u00e9rica Latina, con casi 50 a\u00f1os de trayectoria en el mundo acad\u00e9mico. Luego de la defensa y la deliberaci\u00f3n realizada por los jurados; la direcci\u00f3n del Doctorado le otorg\u00f3 al doctor Corredor la m\u00e1xima calificaci\u00f3n que se obtiene en M\u00e9xico en este tipo de procesos (MB).<\/p>\n<p>Este logro acad\u00e9mico no solo destaca su compromiso con la educaci\u00f3n y la excelencia, sino que tambi\u00e9n resalta su capacidad para liderar con conocimiento y visi\u00f3n. Albert Corredor se ha caracterizado por ser un apasionado de la academia y el aprendizaje constante, por ello, este doctorado es una nueva herramienta para seguir formando el camino de acompa\u00f1ar a cumplir sue\u00f1os y metas.<\/p>\n<p>&nbsp;<\/p>\n<p><img loading=\"lazy\" decoding=\"async\" class=\"alignnone size-full wp-image-97675\" src=\"https:\/\/americana.edu.co\/medellin\/wp-content\/uploads\/2023\/09\/WhatsApp-Image-2023-09-01-at-1.51.08-PM.jpeg\" alt=\"\" width=\"1024\" height=\"768\" srcset=\"https:\/\/americana.edu.co\/medellin\/wp-content\/uploads\/2023\/09\/WhatsApp-Image-2023-09-01-at-1.51.08-PM.jpeg 1024w, https:\/\/americana.edu.co\/medellin\/wp-content\/uploads\/2023\/09\/WhatsApp-Image-2023-09-01-at-1.51.08-PM-300x225.jpeg 300w, https:\/\/americana.edu.co\/medellin\/wp-content\/uploads\/2023\/09\/WhatsApp-Image-2023-09-01-at-1.51.08-PM-768x576.jpeg 768w\" sizes=\"(max-width: 1024px) 100vw, 1024px\" \/><\/p>\n<p>&nbsp;<\/p>\n<p>Su tesis servir\u00e1 como insumo para crecer en t\u00e9rminos de innovaci\u00f3n en la Americana, generando experiencias de aprendizaje adecuadas al mundo actual y permitiendo seguir acercando la educaci\u00f3n a todas las personas en Colombia.<\/p>\n<p>Esta ha sido la bandera del doctor Corredor G\u00f3mez durante toda su trayectoria como empresario, padre, esposo y educador; y este logro refuerza el compromiso del Grupo Empresarial CENSA y la Corporaci\u00f3n Universitaria<br \/>\nAmericana con la educaci\u00f3n y el desarrollo social.<\/p>\n<p>El doctor Corredor G\u00f3mez, adem\u00e1s de su papel como presidente del Grupo CENSA y rector de la Americana, es conocido por ser el padre del candidato a la Alcald\u00eda, Albert Yordano Corredor Bustamante. Su \u00e9xito acad\u00e9mico es un ejemplo inspirador de que &#8220;todo esfuerzo tiene sus frutos,&#8221; y son ejemplo para el liderazgo en el mundo empresarial y pol\u00edtico del candidato; quien busca acercar diferentes oportunidades a todas las personas de la ciudad y ser un puente para el progreso de aquellos que no tienen el acceso a la educaci\u00f3n en el sistema tradicional.<br \/>\nEl presidente del Grupo Empresarial CENSA se sigue proyectando como uno de los l\u00edderes inspiradores que han demostrado que la educaci\u00f3n es un camino constante de crecimiento y desarrollo.<\/p>\n<p>&nbsp;<\/p>\n<p><img loading=\"lazy\" decoding=\"async\" class=\"alignnone size-full wp-image-97676\" src=\"https:\/\/americana.edu.co\/medellin\/wp-content\/uploads\/2023\/09\/WhatsApp-Image-2023-09-01-at-1.51.08-PM-1.jpeg\" alt=\"\" width=\"1024\" height=\"768\" srcset=\"https:\/\/americana.edu.co\/medellin\/wp-content\/uploads\/2023\/09\/WhatsApp-Image-2023-09-01-at-1.51.08-PM-1.jpeg 1024w, https:\/\/americana.edu.co\/medellin\/wp-content\/uploads\/2023\/09\/WhatsApp-Image-2023-09-01-at-1.51.08-PM-1-300x225.jpeg 300w, https:\/\/americana.edu.co\/medellin\/wp-content\/uploads\/2023\/09\/WhatsApp-Image-2023-09-01-at-1.51.08-PM-1-768x576.jpeg 768w\" sizes=\"(max-width: 1024px) 100vw, 1024px\" \/><\/p>\n","protected":false},"excerpt":{"rendered":"<p>El resultado de la alianza entre Educaci\u00f3n y el Liderazgo Empresarial El presidente del Grupo Empresarial CENSA, Albert Corredor G\u00f3mez, ha alcanzado un hito significativo en su carrera al obtener su doctorado en Estudios Organizacionales, por ello, celebramos la importancia de la academia a lo largo de su vida y su aporte a una sociedad [&hellip;]<\/p>\n","protected":false},"author":5,"featured_media":97677,"comment_status":"open","ping_status":"open","sticky":false,"template":"","format":"standard","meta":{"om_disable_all_campaigns":false,"footnotes":""},"categories":[163],"tags":[],"yoast_head":"<!-- This site is optimized with the Yoast SEO plugin v22.9 - https:\/\/yoast.com\/wordpress\/plugins\/seo\/ -->\n<title>El \u00e9xito del Doctorado de Albert Corredor G\u00f3mez &#187; Actualidad Americana<\/title>\n<meta name=\"robots\" content=\"index, follow, max-snippet:-1, max-image-preview:large, max-video-preview:-1\" \/>\n<link rel=\"canonical\" href=\"https:\/\/americana.edu.co\/medellin\/el-exito-del-doctorado-de-albert-corredor-gomez\/\" \/>\n<meta property=\"og:locale\" content=\"es_ES\" \/>\n<meta property=\"og:type\" content=\"article\" \/>\n<meta property=\"og:title\" content=\"El \u00e9xito del Doctorado de Albert Corredor G\u00f3mez &#187; Actualidad Americana\" \/>\n<meta property=\"og:description\" content=\"El resultado de la alianza entre Educaci\u00f3n y el Liderazgo Empresarial El presidente del Grupo Empresarial CENSA, Albert Corredor G\u00f3mez, ha alcanzado un hito significativo en su carrera al obtener su doctorado en Estudios Organizacionales, por ello, celebramos la importancia de la academia a lo largo de su vida y su aporte a una sociedad [&hellip;]\" \/>\n<meta property=\"og:url\" content=\"https:\/\/americana.edu.co\/medellin\/el-exito-del-doctorado-de-albert-corredor-gomez\/\" \/>\n<meta property=\"og:site_name\" content=\"Corporaci\u00f3n Universitaria Americana - Medell\u00edn\" \/>\n<meta property=\"article:published_time\" content=\"2023-09-02T22:14:52+00:00\" \/>\n<meta property=\"og:image\" content=\"https:\/\/americana.edu.co\/medellin\/wp-content\/uploads\/2023\/09\/banner.jpg\" \/>\n\t<meta property=\"og:image:width\" content=\"1600\" \/>\n\t<meta property=\"og:image:height\" content=\"853\" \/>\n\t<meta property=\"og:image:type\" content=\"image\/jpeg\" \/>\n<meta name=\"author\" content=\"Administrador Web\" \/>\n<meta name=\"twitter:card\" content=\"summary_large_image\" \/>\n<meta name=\"twitter:label1\" content=\"Escrito por\" \/>\n\t<meta name=\"twitter:data1\" content=\"Administrador Web\" \/>\n\t<meta name=\"twitter:label2\" content=\"Tiempo de lectura\" \/>\n\t<meta name=\"twitter:data2\" content=\"2 minutos\" \/>\n<script type=\"application\/ld+json\" class=\"yoast-schema-graph\">{\"@context\":\"https:\/\/schema.org\",\"@graph\":[{\"@type\":\"Article\",\"@id\":\"https:\/\/americana.edu.co\/medellin\/el-exito-del-doctorado-de-albert-corredor-gomez\/#article\",\"isPartOf\":{\"@id\":\"https:\/\/americana.edu.co\/medellin\/el-exito-del-doctorado-de-albert-corredor-gomez\/\"},\"author\":{\"name\":\"Administrador Web\",\"@id\":\"https:\/\/americana.edu.co\/medellin\/#\/schema\/person\/2ddfdf2113f038048079ea0a4fdba2d2\"},\"headline\":\"El \u00e9xito del Doctorado de Albert Corredor G\u00f3mez\",\"datePublished\":\"2023-09-02T22:14:52+00:00\",\"dateModified\":\"2023-09-02T22:14:52+00:00\",\"mainEntityOfPage\":{\"@id\":\"https:\/\/americana.edu.co\/medellin\/el-exito-del-doctorado-de-albert-corredor-gomez\/\"},\"wordCount\":458,\"commentCount\":0,\"publisher\":{\"@id\":\"https:\/\/americana.edu.co\/medellin\/#organization\"},\"image\":{\"@id\":\"https:\/\/americana.edu.co\/medellin\/el-exito-del-doctorado-de-albert-corredor-gomez\/#primaryimage\"},\"thumbnailUrl\":\"https:\/\/americana.edu.co\/medellin\/wp-content\/uploads\/2023\/09\/banner.jpg\",\"articleSection\":[\"Actualidad Americana - Sede Medell\u00edn\"],\"inLanguage\":\"es\",\"potentialAction\":[{\"@type\":\"CommentAction\",\"name\":\"Comment\",\"target\":[\"https:\/\/americana.edu.co\/medellin\/el-exito-del-doctorado-de-albert-corredor-gomez\/#respond\"]}]},{\"@type\":\"WebPage\",\"@id\":\"https:\/\/americana.edu.co\/medellin\/el-exito-del-doctorado-de-albert-corredor-gomez\/\",\"url\":\"https:\/\/americana.edu.co\/medellin\/el-exito-del-doctorado-de-albert-corredor-gomez\/\",\"name\":\"El \u00e9xito del Doctorado de Albert Corredor G\u00f3mez &#187; Actualidad Americana\",\"isPartOf\":{\"@id\":\"https:\/\/americana.edu.co\/medellin\/#website\"},\"primaryImageOfPage\":{\"@id\":\"https:\/\/americana.edu.co\/medellin\/el-exito-del-doctorado-de-albert-corredor-gomez\/#primaryimage\"},\"image\":{\"@id\":\"https:\/\/americana.edu.co\/medellin\/el-exito-del-doctorado-de-albert-corredor-gomez\/#primaryimage\"},\"thumbnailUrl\":\"https:\/\/americana.edu.co\/medellin\/wp-content\/uploads\/2023\/09\/banner.jpg\",\"datePublished\":\"2023-09-02T22:14:52+00:00\",\"dateModified\":\"2023-09-02T22:14:52+00:00\",\"breadcrumb\":{\"@id\":\"https:\/\/americana.edu.co\/medellin\/el-exito-del-doctorado-de-albert-corredor-gomez\/#breadcrumb\"},\"inLanguage\":\"es\",\"potentialAction\":[{\"@type\":\"ReadAction\",\"target\":[\"https:\/\/americana.edu.co\/medellin\/el-exito-del-doctorado-de-albert-corredor-gomez\/\"]}]},{\"@type\":\"ImageObject\",\"inLanguage\":\"es\",\"@id\":\"https:\/\/americana.edu.co\/medellin\/el-exito-del-doctorado-de-albert-corredor-gomez\/#primaryimage\",\"url\":\"https:\/\/americana.edu.co\/medellin\/wp-content\/uploads\/2023\/09\/banner.jpg\",\"contentUrl\":\"https:\/\/americana.edu.co\/medellin\/wp-content\/uploads\/2023\/09\/banner.jpg\",\"width\":1600,\"height\":853},{\"@type\":\"BreadcrumbList\",\"@id\":\"https:\/\/americana.edu.co\/medellin\/el-exito-del-doctorado-de-albert-corredor-gomez\/#breadcrumb\",\"itemListElement\":[{\"@type\":\"ListItem\",\"position\":1,\"name\":\"Portada\",\"item\":\"https:\/\/americana.edu.co\/medellin\/\"},{\"@type\":\"ListItem\",\"position\":2,\"name\":\"El \u00e9xito del Doctorado de Albert Corredor G\u00f3mez\"}]},{\"@type\":\"WebSite\",\"@id\":\"https:\/\/americana.edu.co\/medellin\/#website\",\"url\":\"https:\/\/americana.edu.co\/medellin\/\",\"name\":\"Corporaci\u00f3n Universitaria Americana - Medell\u00edn\",\"description\":\"\",\"publisher\":{\"@id\":\"https:\/\/americana.edu.co\/medellin\/#organization\"},\"potentialAction\":[{\"@type\":\"SearchAction\",\"target\":{\"@type\":\"EntryPoint\",\"urlTemplate\":\"https:\/\/americana.edu.co\/medellin\/?s={search_term_string}\"},\"query-input\":\"required name=search_term_string\"}],\"inLanguage\":\"es\"},{\"@type\":\"Organization\",\"@id\":\"https:\/\/americana.edu.co\/medellin\/#organization\",\"name\":\"Corporaci\u00f3n Universitaria Americana Barranquilla\",\"url\":\"https:\/\/americana.edu.co\/medellin\/\",\"logo\":{\"@type\":\"ImageObject\",\"inLanguage\":\"es\",\"@id\":\"https:\/\/americana.edu.co\/medellin\/#\/schema\/logo\/image\/\",\"url\":\"https:\/\/americana.edu.co\/medellin\/wp-content\/uploads\/2022\/11\/logo-americana.png\",\"contentUrl\":\"https:\/\/americana.edu.co\/medellin\/wp-content\/uploads\/2022\/11\/logo-americana.png\",\"width\":161,\"height\":195,\"caption\":\"Corporaci\u00f3n Universitaria Americana Barranquilla\"},\"image\":{\"@id\":\"https:\/\/americana.edu.co\/medellin\/#\/schema\/logo\/image\/\"}},{\"@type\":\"Person\",\"@id\":\"https:\/\/americana.edu.co\/medellin\/#\/schema\/person\/2ddfdf2113f038048079ea0a4fdba2d2\",\"name\":\"Administrador Web\",\"image\":{\"@type\":\"ImageObject\",\"inLanguage\":\"es\",\"@id\":\"https:\/\/americana.edu.co\/medellin\/#\/schema\/person\/image\/\",\"url\":\"https:\/\/secure.gravatar.com\/avatar\/af27df42cee587c3b1216bd1b4bfbc80?s=96&d=mm&r=g\",\"contentUrl\":\"https:\/\/secure.gravatar.com\/avatar\/af27df42cee587c3b1216bd1b4bfbc80?s=96&d=mm&r=g\",\"caption\":\"Administrador Web\"},\"url\":\"https:\/\/americana.edu.co\/medellin\/author\/webmastermd25\/\"}]}<\/script>\n<!-- \/ Yoast SEO plugin. -->","yoast_head_json":{"title":"El \u00e9xito del Doctorado de Albert Corredor G\u00f3mez &#187; Actualidad Americana","robots":{"index":"index","follow":"follow","max-snippet":"max-snippet:-1","max-image-preview":"max-image-preview:large","max-video-preview":"max-video-preview:-1"},"canonical":"https:\/\/americana.edu.co\/medellin\/el-exito-del-doctorado-de-albert-corredor-gomez\/","og_locale":"es_ES","og_type":"article","og_title":"El \u00e9xito del Doctorado de Albert Corredor G\u00f3mez &#187; Actualidad Americana","og_description":"El resultado de la alianza entre Educaci\u00f3n y el Liderazgo Empresarial El presidente del Grupo Empresarial CENSA, Albert Corredor G\u00f3mez, ha alcanzado un hito significativo en su carrera al obtener su doctorado en Estudios Organizacionales, por ello, celebramos la importancia de la academia a lo largo de su vida y su aporte a una sociedad [&hellip;]","og_url":"https:\/\/americana.edu.co\/medellin\/el-exito-del-doctorado-de-albert-corredor-gomez\/","og_site_name":"Corporaci\u00f3n Universitaria Americana - Medell\u00edn","article_published_time":"2023-09-02T22:14:52+00:00","og_image":[{"width":1600,"height":853,"url":"https:\/\/americana.edu.co\/medellin\/wp-content\/uploads\/2023\/09\/banner.jpg","type":"image\/jpeg"}],"author":"Administrador Web","twitter_card":"summary_large_image","twitter_misc":{"Escrito por":"Administrador Web","Tiempo de lectura":"2 minutos"},"schema":{"@context":"https:\/\/schema.org","@graph":[{"@type":"Article","@id":"https:\/\/americana.edu.co\/medellin\/el-exito-del-doctorado-de-albert-corredor-gomez\/#article","isPartOf":{"@id":"https:\/\/americana.edu.co\/medellin\/el-exito-del-doctorado-de-albert-corredor-gomez\/"},"author":{"name":"Administrador Web","@id":"https:\/\/americana.edu.co\/medellin\/#\/schema\/person\/2ddfdf2113f038048079ea0a4fdba2d2"},"headline":"El \u00e9xito del Doctorado de Albert Corredor G\u00f3mez","datePublished":"2023-09-02T22:14:52+00:00","dateModified":"2023-09-02T22:14:52+00:00","mainEntityOfPage":{"@id":"https:\/\/americana.edu.co\/medellin\/el-exito-del-doctorado-de-albert-corredor-gomez\/"},"wordCount":458,"commentCount":0,"publisher":{"@id":"https:\/\/americana.edu.co\/medellin\/#organization"},"image":{"@id":"https:\/\/americana.edu.co\/medellin\/el-exito-del-doctorado-de-albert-corredor-gomez\/#primaryimage"},"thumbnailUrl":"https:\/\/americana.edu.co\/medellin\/wp-content\/uploads\/2023\/09\/banner.jpg","articleSection":["Actualidad Americana - Sede Medell\u00edn"],"inLanguage":"es","potentialAction":[{"@type":"CommentAction","name":"Comment","target":["https:\/\/americana.edu.co\/medellin\/el-exito-del-doctorado-de-albert-corredor-gomez\/#respond"]}]},{"@type":"WebPage","@id":"https:\/\/americana.edu.co\/medellin\/el-exito-del-doctorado-de-albert-corredor-gomez\/","url":"https:\/\/americana.edu.co\/medellin\/el-exito-del-doctorado-de-albert-corredor-gomez\/","name":"El \u00e9xito del Doctorado de Albert Corredor G\u00f3mez &#187; Actualidad Americana","isPartOf":{"@id":"https:\/\/americana.edu.co\/medellin\/#website"},"primaryImageOfPage":{"@id":"https:\/\/americana.edu.co\/medellin\/el-exito-del-doctorado-de-albert-corredor-gomez\/#primaryimage"},"image":{"@id":"https:\/\/americana.edu.co\/medellin\/el-exito-del-doctorado-de-albert-corredor-gomez\/#primaryimage"},"thumbnailUrl":"https:\/\/americana.edu.co\/medellin\/wp-content\/uploads\/2023\/09\/banner.jpg","datePublished":"2023-09-02T22:14:52+00:00","dateModified":"2023-09-02T22:14:52+00:00","breadcrumb":{"@id":"https:\/\/americana.edu.co\/medellin\/el-exito-del-doctorado-de-albert-corredor-gomez\/#breadcrumb"},"inLanguage":"es","potentialAction":[{"@type":"ReadAction","target":["https:\/\/americana.edu.co\/medellin\/el-exito-del-doctorado-de-albert-corredor-gomez\/"]}]},{"@type":"ImageObject","inLanguage":"es","@id":"https:\/\/americana.edu.co\/medellin\/el-exito-del-doctorado-de-albert-corredor-gomez\/#primaryimage","url":"https:\/\/americana.edu.co\/medellin\/wp-content\/uploads\/2023\/09\/banner.jpg","contentUrl":"https:\/\/americana.edu.co\/medellin\/wp-content\/uploads\/2023\/09\/banner.jpg","width":1600,"height":853},{"@type":"BreadcrumbList","@id":"https:\/\/americana.edu.co\/medellin\/el-exito-del-doctorado-de-albert-corredor-gomez\/#breadcrumb","itemListElement":[{"@type":"ListItem","position":1,"name":"Portada","item":"https:\/\/americana.edu.co\/medellin\/"},{"@type":"ListItem","position":2,"name":"El \u00e9xito del Doctorado de Albert Corredor G\u00f3mez"}]},{"@type":"WebSite","@id":"https:\/\/americana.edu.co\/medellin\/#website","url":"https:\/\/americana.edu.co\/medellin\/","name":"Corporaci\u00f3n Universitaria Americana - Medell\u00edn","description":"","publisher":{"@id":"https:\/\/americana.edu.co\/medellin\/#organization"},"potentialAction":[{"@type":"SearchAction","target":{"@type":"EntryPoint","urlTemplate":"https:\/\/americana.edu.co\/medellin\/?s={search_term_string}"},"query-input":"required name=search_term_string"}],"inLanguage":"es"},{"@type":"Organization","@id":"https:\/\/americana.edu.co\/medellin\/#organization","name":"Corporaci\u00f3n Universitaria Americana Barranquilla","url":"https:\/\/americana.edu.co\/medellin\/","logo":{"@type":"ImageObject","inLanguage":"es","@id":"https:\/\/americana.edu.co\/medellin\/#\/schema\/logo\/image\/","url":"https:\/\/americana.edu.co\/medellin\/wp-content\/uploads\/2022\/11\/logo-americana.png","contentUrl":"https:\/\/americana.edu.co\/medellin\/wp-content\/uploads\/2022\/11\/logo-americana.png","width":161,"height":195,"caption":"Corporaci\u00f3n Universitaria Americana Barranquilla"},"image":{"@id":"https:\/\/americana.edu.co\/medellin\/#\/schema\/logo\/image\/"}},{"@type":"Person","@id":"https:\/\/americana.edu.co\/medellin\/#\/schema\/person\/2ddfdf2113f038048079ea0a4fdba2d2","name":"Administrador Web","image":{"@type":"ImageObject","inLanguage":"es","@id":"https:\/\/americana.edu.co\/medellin\/#\/schema\/person\/image\/","url":"https:\/\/secure.gravatar.com\/avatar\/af27df42cee587c3b1216bd1b4bfbc80?s=96&d=mm&r=g","contentUrl":"https:\/\/secure.gravatar.com\/avatar\/af27df42cee587c3b1216bd1b4bfbc80?s=96&d=mm&r=g","caption":"Administrador Web"},"url":"https:\/\/americana.edu.co\/medellin\/author\/webmastermd25\/"}]}},"_links":{"self":[{"href":"https:\/\/americana.edu.co\/medellin\/wp-json\/wp\/v2\/posts\/97674"}],"collection":[{"href":"https:\/\/americana.edu.co\/medellin\/wp-json\/wp\/v2\/posts"}],"about":[{"href":"https:\/\/americana.edu.co\/medellin\/wp-json\/wp\/v2\/types\/post"}],"author":[{"embeddable":true,"href":"https:\/\/americana.edu.co\/medellin\/wp-json\/wp\/v2\/users\/5"}],"replies":[{"embeddable":true,"href":"https:\/\/americana.edu.co\/medellin\/wp-json\/wp\/v2\/comments?post=97674"}],"version-history":[{"count":1,"href":"https:\/\/americana.edu.co\/medellin\/wp-json\/wp\/v2\/posts\/97674\/revisions"}],"predecessor-version":[{"id":97678,"href":"https:\/\/americana.edu.co\/medellin\/wp-json\/wp\/v2\/posts\/97674\/revisions\/97678"}],"wp:featuredmedia":[{"embeddable":true,"href":"https:\/\/americana.edu.co\/medellin\/wp-json\/wp\/v2\/media\/97677"}],"wp:attachment":[{"href":"https:\/\/americana.edu.co\/medellin\/wp-json\/wp\/v2\/media?parent=97674"}],"wp:term":[{"taxonomy":"category","embeddable":true,"href":"https:\/\/americana.edu.co\/medellin\/wp-json\/wp\/v2\/categories?post=97674"},{"taxonomy":"post_tag","embeddable":true,"href":"https:\/\/americana.edu.co\/medellin\/wp-json\/wp\/v2\/tags?post=97674"}],"curies":[{"name":"wp","href":"https:\/\/api.w.org\/{rel}","templated":true}]}}