{"id":97710,"date":"2023-09-06T21:42:10","date_gmt":"2023-09-06T21:42:10","guid":{"rendered":"https:\/\/americana.edu.co\/medellin\/?p=97710"},"modified":"2023-09-06T21:49:02","modified_gmt":"2023-09-06T21:49:02","slug":"renovacion-del-registro-calificado-de-la-especializacion-en-seguridad-informatica","status":"publish","type":"post","link":"https:\/\/americana.edu.co\/medellin\/renovacion-del-registro-calificado-de-la-especializacion-en-seguridad-informatica\/","title":{"rendered":"Renovaci\u00f3n del registro calificado de la Especializaci\u00f3n en Seguridad Inform\u00e1tica"},"content":{"rendered":"<p>La Corporaci\u00f3n Universitaria Americana celebra hoy la notificaci\u00f3n por parte del Ministerio de Educaci\u00f3n Nacional, en el cual bajo la Resoluci\u00f3n 015941 del 1 de septiembre de 2023 se resuelve la solicitud de renovaci\u00f3n y modificaci\u00f3n del registro calificado del programa de Especializaci\u00f3n en Seguridad Inform\u00e1tica de la Corporaci\u00f3n Universitaria Americana, ofrecido en modalidad presencial en Medell\u00edn, Colombia, por el t\u00e9rmino de siete (7) a\u00f1os, a trav\u00e9s del Sistema de Aseguramiento de la Calidad de la<\/p>\n<p>La Corporaci\u00f3n Universitaria Americana celebra hoy la notificaci\u00f3n por parte del Ministerio de Educaci\u00f3n Nacional, en el cual bajo la Resoluci\u00f3n 015941 del 1 de septiembre de 2023 se resuelve la solicitud de renovaci\u00f3n y modificaci\u00f3n del registro calificado del programa de Especializaci\u00f3n en Seguridad Inform\u00e1tica de la Corporaci\u00f3n Universitaria Americana, ofrecido en modalidad presencial en Medell\u00edn, Colombia, por el t\u00e9rmino de siete (7) a\u00f1os, a trav\u00e9s del Sistema de Aseguramiento de la Calidad de la Educaci\u00f3n Superior-SACES, luego de su visita de renovaci\u00f3n realizada en octubre de 2022.<\/p>\n<p>Recordemos que la Especializaci\u00f3n en Seguridad Inform\u00e1tica de la Corporaci\u00f3n Universitaria Americana tiene como principal objetivo llevar a sus alumnos a la identificaci\u00f3n de la protecci\u00f3n de datos en a favor social, empresarial e individual, garantizando que las organizaciones utilicen los datos de forma segura, procurando su vulnerabilidad.<br \/>\nLa pertinencia en la ciudad de Medell\u00edn, Distrito de Ciencia, Tecnolog\u00eda e Innovaci\u00f3n, como epicentro regional, tecnol\u00f3gico, y eje centro para el desarrollo de actividades en pro de la Cuarta Revoluci\u00f3n Industrial, responde a la problem\u00e1tica de protecci\u00f3n de datos que nos permite abordar la industria respecto a la ciberseguridad; una malla curricular que consiente de ser asertivos en respuesta a las necesidades que presenta el mundo actual.<\/p>\n<h3>Contribuci\u00f3n a la sociedad<\/h3>\n<p>Esta especializaci\u00f3n permite abordar las metodolog\u00edas de protecci\u00f3n para los sistemas y datos cr\u00edticos, como informaci\u00f3n personal, datos financieros y registros m\u00e9dicos. Al trabajar en este campo, se ayuda a proteger a las personas y organizaciones de los ataques cibern\u00e9ticos malintencionados. Como especialista, la Americana continuar\u00e1 ofreciendo una diferencia significativa en la vida de las personas y en la seguridad de la sociedad en general.<\/p>\n<p>En Colombia, la presente d\u00e9cada se ha convertido en una \u00e9poca de realidades y retos en temas de seguridad de la informaci\u00f3n. Una \u00e9poca en que la protecci\u00f3n de la informaci\u00f3n, del efecto nocivo que puedan producir hacktivistas y otras formas sofisticadas de amenazas electr\u00f3nicas, son t\u00f3picos obligados dentro de la agenda corporativa de las organizaciones. Estos desaf\u00edos alrededor de la seguridad de la informaci\u00f3n han adquirido tal importancia y tanta trascendencia en nuestro pa\u00eds y Latinoam\u00e9rica, que han exigido a todos los responsables de estos asuntos en las empresas, un esfuerzo m\u00e1ximo orientado a la protecci\u00f3n de la informaci\u00f3n.<br \/>\nEs as\u00ed como la Corporaci\u00f3n Universitaria Americana, consciente de esta realidad y preocupada por satisfacer estas necesidades en el mercado, celebra entonces la renovaci\u00f3n del registro calificado y actualizaci\u00f3n del plan de estudios de la Especializaci\u00f3n en Seguridad Inform\u00e1tica, en pro de garantizar plena confiabilidad a los diferentes tipos de usuarios individuales y empresariales para su desarrollo profesional y\u00a0organizacional.<\/p>\n<p>&nbsp;<\/p>\n<h5><a href=\"https:\/\/americana.edu.co\/medellin\/wp-content\/uploads\/2023\/09\/Especializacion-en-Seguridad-Informatica.pdf\">Renovaci\u00f3n del registro calificado de la Especializaci\u00f3n en Seguridad Inform\u00e1tica <\/a><\/h5>\n","protected":false},"excerpt":{"rendered":"<p>La Corporaci\u00f3n Universitaria Americana celebra hoy la notificaci\u00f3n por parte del Ministerio de Educaci\u00f3n Nacional, en el cual bajo la Resoluci\u00f3n 015941 del 1 de septiembre de 2023 se resuelve la solicitud de renovaci\u00f3n y modificaci\u00f3n del registro calificado del programa de Especializaci\u00f3n en Seguridad Inform\u00e1tica de la Corporaci\u00f3n Universitaria Americana, ofrecido en modalidad presencial [&hellip;]<\/p>\n","protected":false},"author":5,"featured_media":97711,"comment_status":"open","ping_status":"open","sticky":false,"template":"","format":"standard","meta":{"om_disable_all_campaigns":false,"footnotes":""},"categories":[163],"tags":[],"yoast_head":"<!-- This site is optimized with the Yoast SEO plugin v22.9 - https:\/\/yoast.com\/wordpress\/plugins\/seo\/ -->\n<title>Renovaci\u00f3n del registro calificado de la Especializaci\u00f3n en Seguridad Inform\u00e1tica &#187; Actualidad Americana<\/title>\n<meta name=\"robots\" content=\"index, follow, max-snippet:-1, max-image-preview:large, max-video-preview:-1\" \/>\n<link rel=\"canonical\" href=\"https:\/\/americana.edu.co\/medellin\/renovacion-del-registro-calificado-de-la-especializacion-en-seguridad-informatica\/\" \/>\n<meta property=\"og:locale\" content=\"es_ES\" \/>\n<meta property=\"og:type\" content=\"article\" \/>\n<meta property=\"og:title\" content=\"Renovaci\u00f3n del registro calificado de la Especializaci\u00f3n en Seguridad Inform\u00e1tica &#187; Actualidad Americana\" \/>\n<meta property=\"og:description\" content=\"La Corporaci\u00f3n Universitaria Americana celebra hoy la notificaci\u00f3n por parte del Ministerio de Educaci\u00f3n Nacional, en el cual bajo la Resoluci\u00f3n 015941 del 1 de septiembre de 2023 se resuelve la solicitud de renovaci\u00f3n y modificaci\u00f3n del registro calificado del programa de Especializaci\u00f3n en Seguridad Inform\u00e1tica de la Corporaci\u00f3n Universitaria Americana, ofrecido en modalidad presencial [&hellip;]\" \/>\n<meta property=\"og:url\" content=\"https:\/\/americana.edu.co\/medellin\/renovacion-del-registro-calificado-de-la-especializacion-en-seguridad-informatica\/\" \/>\n<meta property=\"og:site_name\" content=\"Corporaci\u00f3n Universitaria Americana - Medell\u00edn\" \/>\n<meta property=\"article:published_time\" content=\"2023-09-06T21:42:10+00:00\" \/>\n<meta property=\"article:modified_time\" content=\"2023-09-06T21:49:02+00:00\" \/>\n<meta property=\"og:image\" content=\"https:\/\/americana.edu.co\/medellin\/wp-content\/uploads\/2023\/09\/acreditacion-banner.jpg\" \/>\n\t<meta property=\"og:image:width\" content=\"2232\" \/>\n\t<meta property=\"og:image:height\" content=\"1190\" \/>\n\t<meta property=\"og:image:type\" content=\"image\/jpeg\" \/>\n<meta name=\"author\" content=\"Administrador Web\" \/>\n<meta name=\"twitter:card\" content=\"summary_large_image\" \/>\n<meta name=\"twitter:label1\" content=\"Escrito por\" \/>\n\t<meta name=\"twitter:data1\" content=\"Administrador Web\" \/>\n\t<meta name=\"twitter:label2\" content=\"Tiempo de lectura\" \/>\n\t<meta name=\"twitter:data2\" content=\"3 minutos\" \/>\n<script type=\"application\/ld+json\" class=\"yoast-schema-graph\">{\"@context\":\"https:\/\/schema.org\",\"@graph\":[{\"@type\":\"Article\",\"@id\":\"https:\/\/americana.edu.co\/medellin\/renovacion-del-registro-calificado-de-la-especializacion-en-seguridad-informatica\/#article\",\"isPartOf\":{\"@id\":\"https:\/\/americana.edu.co\/medellin\/renovacion-del-registro-calificado-de-la-especializacion-en-seguridad-informatica\/\"},\"author\":{\"name\":\"Administrador Web\",\"@id\":\"https:\/\/americana.edu.co\/medellin\/#\/schema\/person\/2ddfdf2113f038048079ea0a4fdba2d2\"},\"headline\":\"Renovaci\u00f3n del registro calificado de la Especializaci\u00f3n en Seguridad Inform\u00e1tica\",\"datePublished\":\"2023-09-06T21:42:10+00:00\",\"dateModified\":\"2023-09-06T21:49:02+00:00\",\"mainEntityOfPage\":{\"@id\":\"https:\/\/americana.edu.co\/medellin\/renovacion-del-registro-calificado-de-la-especializacion-en-seguridad-informatica\/\"},\"wordCount\":594,\"commentCount\":0,\"publisher\":{\"@id\":\"https:\/\/americana.edu.co\/medellin\/#organization\"},\"image\":{\"@id\":\"https:\/\/americana.edu.co\/medellin\/renovacion-del-registro-calificado-de-la-especializacion-en-seguridad-informatica\/#primaryimage\"},\"thumbnailUrl\":\"https:\/\/americana.edu.co\/medellin\/wp-content\/uploads\/2023\/09\/acreditacion-banner.jpg\",\"articleSection\":[\"Actualidad Americana - Sede Medell\u00edn\"],\"inLanguage\":\"es\",\"potentialAction\":[{\"@type\":\"CommentAction\",\"name\":\"Comment\",\"target\":[\"https:\/\/americana.edu.co\/medellin\/renovacion-del-registro-calificado-de-la-especializacion-en-seguridad-informatica\/#respond\"]}]},{\"@type\":\"WebPage\",\"@id\":\"https:\/\/americana.edu.co\/medellin\/renovacion-del-registro-calificado-de-la-especializacion-en-seguridad-informatica\/\",\"url\":\"https:\/\/americana.edu.co\/medellin\/renovacion-del-registro-calificado-de-la-especializacion-en-seguridad-informatica\/\",\"name\":\"Renovaci\u00f3n del registro calificado de la Especializaci\u00f3n en Seguridad Inform\u00e1tica &#187; Actualidad Americana\",\"isPartOf\":{\"@id\":\"https:\/\/americana.edu.co\/medellin\/#website\"},\"primaryImageOfPage\":{\"@id\":\"https:\/\/americana.edu.co\/medellin\/renovacion-del-registro-calificado-de-la-especializacion-en-seguridad-informatica\/#primaryimage\"},\"image\":{\"@id\":\"https:\/\/americana.edu.co\/medellin\/renovacion-del-registro-calificado-de-la-especializacion-en-seguridad-informatica\/#primaryimage\"},\"thumbnailUrl\":\"https:\/\/americana.edu.co\/medellin\/wp-content\/uploads\/2023\/09\/acreditacion-banner.jpg\",\"datePublished\":\"2023-09-06T21:42:10+00:00\",\"dateModified\":\"2023-09-06T21:49:02+00:00\",\"breadcrumb\":{\"@id\":\"https:\/\/americana.edu.co\/medellin\/renovacion-del-registro-calificado-de-la-especializacion-en-seguridad-informatica\/#breadcrumb\"},\"inLanguage\":\"es\",\"potentialAction\":[{\"@type\":\"ReadAction\",\"target\":[\"https:\/\/americana.edu.co\/medellin\/renovacion-del-registro-calificado-de-la-especializacion-en-seguridad-informatica\/\"]}]},{\"@type\":\"ImageObject\",\"inLanguage\":\"es\",\"@id\":\"https:\/\/americana.edu.co\/medellin\/renovacion-del-registro-calificado-de-la-especializacion-en-seguridad-informatica\/#primaryimage\",\"url\":\"https:\/\/americana.edu.co\/medellin\/wp-content\/uploads\/2023\/09\/acreditacion-banner.jpg\",\"contentUrl\":\"https:\/\/americana.edu.co\/medellin\/wp-content\/uploads\/2023\/09\/acreditacion-banner.jpg\",\"width\":2232,\"height\":1190},{\"@type\":\"BreadcrumbList\",\"@id\":\"https:\/\/americana.edu.co\/medellin\/renovacion-del-registro-calificado-de-la-especializacion-en-seguridad-informatica\/#breadcrumb\",\"itemListElement\":[{\"@type\":\"ListItem\",\"position\":1,\"name\":\"Portada\",\"item\":\"https:\/\/americana.edu.co\/medellin\/\"},{\"@type\":\"ListItem\",\"position\":2,\"name\":\"Renovaci\u00f3n del registro calificado de la Especializaci\u00f3n en Seguridad Inform\u00e1tica\"}]},{\"@type\":\"WebSite\",\"@id\":\"https:\/\/americana.edu.co\/medellin\/#website\",\"url\":\"https:\/\/americana.edu.co\/medellin\/\",\"name\":\"Corporaci\u00f3n Universitaria Americana - Medell\u00edn\",\"description\":\"\",\"publisher\":{\"@id\":\"https:\/\/americana.edu.co\/medellin\/#organization\"},\"potentialAction\":[{\"@type\":\"SearchAction\",\"target\":{\"@type\":\"EntryPoint\",\"urlTemplate\":\"https:\/\/americana.edu.co\/medellin\/?s={search_term_string}\"},\"query-input\":\"required name=search_term_string\"}],\"inLanguage\":\"es\"},{\"@type\":\"Organization\",\"@id\":\"https:\/\/americana.edu.co\/medellin\/#organization\",\"name\":\"Corporaci\u00f3n Universitaria Americana Barranquilla\",\"url\":\"https:\/\/americana.edu.co\/medellin\/\",\"logo\":{\"@type\":\"ImageObject\",\"inLanguage\":\"es\",\"@id\":\"https:\/\/americana.edu.co\/medellin\/#\/schema\/logo\/image\/\",\"url\":\"https:\/\/americana.edu.co\/medellin\/wp-content\/uploads\/2022\/11\/logo-americana.png\",\"contentUrl\":\"https:\/\/americana.edu.co\/medellin\/wp-content\/uploads\/2022\/11\/logo-americana.png\",\"width\":161,\"height\":195,\"caption\":\"Corporaci\u00f3n Universitaria Americana Barranquilla\"},\"image\":{\"@id\":\"https:\/\/americana.edu.co\/medellin\/#\/schema\/logo\/image\/\"}},{\"@type\":\"Person\",\"@id\":\"https:\/\/americana.edu.co\/medellin\/#\/schema\/person\/2ddfdf2113f038048079ea0a4fdba2d2\",\"name\":\"Administrador Web\",\"image\":{\"@type\":\"ImageObject\",\"inLanguage\":\"es\",\"@id\":\"https:\/\/americana.edu.co\/medellin\/#\/schema\/person\/image\/\",\"url\":\"https:\/\/secure.gravatar.com\/avatar\/af27df42cee587c3b1216bd1b4bfbc80?s=96&d=mm&r=g\",\"contentUrl\":\"https:\/\/secure.gravatar.com\/avatar\/af27df42cee587c3b1216bd1b4bfbc80?s=96&d=mm&r=g\",\"caption\":\"Administrador Web\"},\"url\":\"https:\/\/americana.edu.co\/medellin\/author\/webmastermd25\/\"}]}<\/script>\n<!-- \/ Yoast SEO plugin. -->","yoast_head_json":{"title":"Renovaci\u00f3n del registro calificado de la Especializaci\u00f3n en Seguridad Inform\u00e1tica &#187; Actualidad Americana","robots":{"index":"index","follow":"follow","max-snippet":"max-snippet:-1","max-image-preview":"max-image-preview:large","max-video-preview":"max-video-preview:-1"},"canonical":"https:\/\/americana.edu.co\/medellin\/renovacion-del-registro-calificado-de-la-especializacion-en-seguridad-informatica\/","og_locale":"es_ES","og_type":"article","og_title":"Renovaci\u00f3n del registro calificado de la Especializaci\u00f3n en Seguridad Inform\u00e1tica &#187; Actualidad Americana","og_description":"La Corporaci\u00f3n Universitaria Americana celebra hoy la notificaci\u00f3n por parte del Ministerio de Educaci\u00f3n Nacional, en el cual bajo la Resoluci\u00f3n 015941 del 1 de septiembre de 2023 se resuelve la solicitud de renovaci\u00f3n y modificaci\u00f3n del registro calificado del programa de Especializaci\u00f3n en Seguridad Inform\u00e1tica de la Corporaci\u00f3n Universitaria Americana, ofrecido en modalidad presencial [&hellip;]","og_url":"https:\/\/americana.edu.co\/medellin\/renovacion-del-registro-calificado-de-la-especializacion-en-seguridad-informatica\/","og_site_name":"Corporaci\u00f3n Universitaria Americana - Medell\u00edn","article_published_time":"2023-09-06T21:42:10+00:00","article_modified_time":"2023-09-06T21:49:02+00:00","og_image":[{"width":2232,"height":1190,"url":"https:\/\/americana.edu.co\/medellin\/wp-content\/uploads\/2023\/09\/acreditacion-banner.jpg","type":"image\/jpeg"}],"author":"Administrador Web","twitter_card":"summary_large_image","twitter_misc":{"Escrito por":"Administrador Web","Tiempo de lectura":"3 minutos"},"schema":{"@context":"https:\/\/schema.org","@graph":[{"@type":"Article","@id":"https:\/\/americana.edu.co\/medellin\/renovacion-del-registro-calificado-de-la-especializacion-en-seguridad-informatica\/#article","isPartOf":{"@id":"https:\/\/americana.edu.co\/medellin\/renovacion-del-registro-calificado-de-la-especializacion-en-seguridad-informatica\/"},"author":{"name":"Administrador Web","@id":"https:\/\/americana.edu.co\/medellin\/#\/schema\/person\/2ddfdf2113f038048079ea0a4fdba2d2"},"headline":"Renovaci\u00f3n del registro calificado de la Especializaci\u00f3n en Seguridad Inform\u00e1tica","datePublished":"2023-09-06T21:42:10+00:00","dateModified":"2023-09-06T21:49:02+00:00","mainEntityOfPage":{"@id":"https:\/\/americana.edu.co\/medellin\/renovacion-del-registro-calificado-de-la-especializacion-en-seguridad-informatica\/"},"wordCount":594,"commentCount":0,"publisher":{"@id":"https:\/\/americana.edu.co\/medellin\/#organization"},"image":{"@id":"https:\/\/americana.edu.co\/medellin\/renovacion-del-registro-calificado-de-la-especializacion-en-seguridad-informatica\/#primaryimage"},"thumbnailUrl":"https:\/\/americana.edu.co\/medellin\/wp-content\/uploads\/2023\/09\/acreditacion-banner.jpg","articleSection":["Actualidad Americana - Sede Medell\u00edn"],"inLanguage":"es","potentialAction":[{"@type":"CommentAction","name":"Comment","target":["https:\/\/americana.edu.co\/medellin\/renovacion-del-registro-calificado-de-la-especializacion-en-seguridad-informatica\/#respond"]}]},{"@type":"WebPage","@id":"https:\/\/americana.edu.co\/medellin\/renovacion-del-registro-calificado-de-la-especializacion-en-seguridad-informatica\/","url":"https:\/\/americana.edu.co\/medellin\/renovacion-del-registro-calificado-de-la-especializacion-en-seguridad-informatica\/","name":"Renovaci\u00f3n del registro calificado de la Especializaci\u00f3n en Seguridad Inform\u00e1tica &#187; Actualidad Americana","isPartOf":{"@id":"https:\/\/americana.edu.co\/medellin\/#website"},"primaryImageOfPage":{"@id":"https:\/\/americana.edu.co\/medellin\/renovacion-del-registro-calificado-de-la-especializacion-en-seguridad-informatica\/#primaryimage"},"image":{"@id":"https:\/\/americana.edu.co\/medellin\/renovacion-del-registro-calificado-de-la-especializacion-en-seguridad-informatica\/#primaryimage"},"thumbnailUrl":"https:\/\/americana.edu.co\/medellin\/wp-content\/uploads\/2023\/09\/acreditacion-banner.jpg","datePublished":"2023-09-06T21:42:10+00:00","dateModified":"2023-09-06T21:49:02+00:00","breadcrumb":{"@id":"https:\/\/americana.edu.co\/medellin\/renovacion-del-registro-calificado-de-la-especializacion-en-seguridad-informatica\/#breadcrumb"},"inLanguage":"es","potentialAction":[{"@type":"ReadAction","target":["https:\/\/americana.edu.co\/medellin\/renovacion-del-registro-calificado-de-la-especializacion-en-seguridad-informatica\/"]}]},{"@type":"ImageObject","inLanguage":"es","@id":"https:\/\/americana.edu.co\/medellin\/renovacion-del-registro-calificado-de-la-especializacion-en-seguridad-informatica\/#primaryimage","url":"https:\/\/americana.edu.co\/medellin\/wp-content\/uploads\/2023\/09\/acreditacion-banner.jpg","contentUrl":"https:\/\/americana.edu.co\/medellin\/wp-content\/uploads\/2023\/09\/acreditacion-banner.jpg","width":2232,"height":1190},{"@type":"BreadcrumbList","@id":"https:\/\/americana.edu.co\/medellin\/renovacion-del-registro-calificado-de-la-especializacion-en-seguridad-informatica\/#breadcrumb","itemListElement":[{"@type":"ListItem","position":1,"name":"Portada","item":"https:\/\/americana.edu.co\/medellin\/"},{"@type":"ListItem","position":2,"name":"Renovaci\u00f3n del registro calificado de la Especializaci\u00f3n en Seguridad Inform\u00e1tica"}]},{"@type":"WebSite","@id":"https:\/\/americana.edu.co\/medellin\/#website","url":"https:\/\/americana.edu.co\/medellin\/","name":"Corporaci\u00f3n Universitaria Americana - Medell\u00edn","description":"","publisher":{"@id":"https:\/\/americana.edu.co\/medellin\/#organization"},"potentialAction":[{"@type":"SearchAction","target":{"@type":"EntryPoint","urlTemplate":"https:\/\/americana.edu.co\/medellin\/?s={search_term_string}"},"query-input":"required name=search_term_string"}],"inLanguage":"es"},{"@type":"Organization","@id":"https:\/\/americana.edu.co\/medellin\/#organization","name":"Corporaci\u00f3n Universitaria Americana Barranquilla","url":"https:\/\/americana.edu.co\/medellin\/","logo":{"@type":"ImageObject","inLanguage":"es","@id":"https:\/\/americana.edu.co\/medellin\/#\/schema\/logo\/image\/","url":"https:\/\/americana.edu.co\/medellin\/wp-content\/uploads\/2022\/11\/logo-americana.png","contentUrl":"https:\/\/americana.edu.co\/medellin\/wp-content\/uploads\/2022\/11\/logo-americana.png","width":161,"height":195,"caption":"Corporaci\u00f3n Universitaria Americana Barranquilla"},"image":{"@id":"https:\/\/americana.edu.co\/medellin\/#\/schema\/logo\/image\/"}},{"@type":"Person","@id":"https:\/\/americana.edu.co\/medellin\/#\/schema\/person\/2ddfdf2113f038048079ea0a4fdba2d2","name":"Administrador Web","image":{"@type":"ImageObject","inLanguage":"es","@id":"https:\/\/americana.edu.co\/medellin\/#\/schema\/person\/image\/","url":"https:\/\/secure.gravatar.com\/avatar\/af27df42cee587c3b1216bd1b4bfbc80?s=96&d=mm&r=g","contentUrl":"https:\/\/secure.gravatar.com\/avatar\/af27df42cee587c3b1216bd1b4bfbc80?s=96&d=mm&r=g","caption":"Administrador Web"},"url":"https:\/\/americana.edu.co\/medellin\/author\/webmastermd25\/"}]}},"_links":{"self":[{"href":"https:\/\/americana.edu.co\/medellin\/wp-json\/wp\/v2\/posts\/97710"}],"collection":[{"href":"https:\/\/americana.edu.co\/medellin\/wp-json\/wp\/v2\/posts"}],"about":[{"href":"https:\/\/americana.edu.co\/medellin\/wp-json\/wp\/v2\/types\/post"}],"author":[{"embeddable":true,"href":"https:\/\/americana.edu.co\/medellin\/wp-json\/wp\/v2\/users\/5"}],"replies":[{"embeddable":true,"href":"https:\/\/americana.edu.co\/medellin\/wp-json\/wp\/v2\/comments?post=97710"}],"version-history":[{"count":5,"href":"https:\/\/americana.edu.co\/medellin\/wp-json\/wp\/v2\/posts\/97710\/revisions"}],"predecessor-version":[{"id":97714,"href":"https:\/\/americana.edu.co\/medellin\/wp-json\/wp\/v2\/posts\/97710\/revisions\/97714"}],"wp:featuredmedia":[{"embeddable":true,"href":"https:\/\/americana.edu.co\/medellin\/wp-json\/wp\/v2\/media\/97711"}],"wp:attachment":[{"href":"https:\/\/americana.edu.co\/medellin\/wp-json\/wp\/v2\/media?parent=97710"}],"wp:term":[{"taxonomy":"category","embeddable":true,"href":"https:\/\/americana.edu.co\/medellin\/wp-json\/wp\/v2\/categories?post=97710"},{"taxonomy":"post_tag","embeddable":true,"href":"https:\/\/americana.edu.co\/medellin\/wp-json\/wp\/v2\/tags?post=97710"}],"curies":[{"name":"wp","href":"https:\/\/api.w.org\/{rel}","templated":true}]}}