{"id":97796,"date":"2023-09-14T19:55:39","date_gmt":"2023-09-14T19:55:39","guid":{"rendered":"https:\/\/americana.edu.co\/medellin\/?p=97796"},"modified":"2023-09-14T19:59:34","modified_gmt":"2023-09-14T19:59:34","slug":"alianza-peru-colombia-en-pro-de-la-educacion-e-investigacion-superior-universitaria","status":"publish","type":"post","link":"https:\/\/americana.edu.co\/medellin\/alianza-peru-colombia-en-pro-de-la-educacion-e-investigacion-superior-universitaria\/","title":{"rendered":"Alianza Per\u00fa &#8211; Colombia en Pro de la educaci\u00f3n e investigaci\u00f3n superior universitaria."},"content":{"rendered":"<div class=\"xdj266r x11i5rnm xat24cr x1mh8g0r x1vvkbs x126k92a\">\n<h2 dir=\"auto\">Rector de la UNTRM y Vicerrector de Investigaci\u00f3n de la Corporaci\u00f3n Universitaria Americana coordinan acciones conjuntas para el desarrollo de la educaci\u00f3n e investigaci\u00f3n universitaria<\/h2>\n<div dir=\"auto\"><img loading=\"lazy\" decoding=\"async\" class=\"alignnone size-full wp-image-97801\" src=\"https:\/\/americana.edu.co\/medellin\/wp-content\/uploads\/2023\/09\/376275541_364232495931447_3083909877057336058_n-3.jpg\" alt=\"\" width=\"2048\" height=\"1365\" srcset=\"https:\/\/americana.edu.co\/medellin\/wp-content\/uploads\/2023\/09\/376275541_364232495931447_3083909877057336058_n-3.jpg 2048w, https:\/\/americana.edu.co\/medellin\/wp-content\/uploads\/2023\/09\/376275541_364232495931447_3083909877057336058_n-3-300x200.jpg 300w, https:\/\/americana.edu.co\/medellin\/wp-content\/uploads\/2023\/09\/376275541_364232495931447_3083909877057336058_n-3-1024x683.jpg 1024w, https:\/\/americana.edu.co\/medellin\/wp-content\/uploads\/2023\/09\/376275541_364232495931447_3083909877057336058_n-3-768x512.jpg 768w, https:\/\/americana.edu.co\/medellin\/wp-content\/uploads\/2023\/09\/376275541_364232495931447_3083909877057336058_n-3-1536x1024.jpg 1536w, https:\/\/americana.edu.co\/medellin\/wp-content\/uploads\/2023\/09\/376275541_364232495931447_3083909877057336058_n-3-1500x1000.jpg 1500w\" sizes=\"(max-width: 2048px) 100vw, 2048px\" \/><\/div>\n<\/div>\n<div class=\"x11i5rnm xat24cr x1mh8g0r x1vvkbs xtlvy1s x126k92a\">\n<div dir=\"auto\">El Rector de la Universidad Nacional Toribio Rodr\u00edguez, Jorge Luis Maicelo Quintana, Ph.D., se reuni\u00f3 el d\u00eda de hoy con el Ph.D. Luis Fernando Garc\u00e9s Giraldo, Vicerrector de Investigaci\u00f3n de la Corporaci\u00f3n Universitaria Americana, en un encuentro que marca el inicio de una alianza en pro del avance de la educaci\u00f3n e investigaci\u00f3n superior universitaria para Per\u00fa y Colombia.<\/div>\n<div dir=\"auto\"><\/div>\n<\/div>\n<div class=\"x11i5rnm xat24cr x1mh8g0r x1vvkbs xtlvy1s x126k92a\">\n<div dir=\"auto\">Durante la reuni\u00f3n, la UNTRM y la Corporaci\u00f3n Universitaria Americana, establecieron una serie de iniciativas destinadas a impulsar el desarrollo acad\u00e9mico y cient\u00edfico, mediante la realizaci\u00f3n de proyectos de investigaci\u00f3n interdisciplinarios, programas de intercambio docente y estudiantil, as\u00ed como la organizaci\u00f3n de eventos acad\u00e9micos y cient\u00edficos de relevancia internacional.<\/div>\n<div dir=\"auto\"><\/div>\n<\/div>\n<div dir=\"auto\"><img loading=\"lazy\" decoding=\"async\" class=\"alignnone size-full wp-image-97797\" src=\"https:\/\/americana.edu.co\/medellin\/wp-content\/uploads\/2023\/09\/375058251_364232505931446_4192170694214834815_n.jpg\" alt=\"\" width=\"2048\" height=\"1365\" srcset=\"https:\/\/americana.edu.co\/medellin\/wp-content\/uploads\/2023\/09\/375058251_364232505931446_4192170694214834815_n.jpg 2048w, https:\/\/americana.edu.co\/medellin\/wp-content\/uploads\/2023\/09\/375058251_364232505931446_4192170694214834815_n-300x200.jpg 300w, https:\/\/americana.edu.co\/medellin\/wp-content\/uploads\/2023\/09\/375058251_364232505931446_4192170694214834815_n-1024x683.jpg 1024w, https:\/\/americana.edu.co\/medellin\/wp-content\/uploads\/2023\/09\/375058251_364232505931446_4192170694214834815_n-768x512.jpg 768w, https:\/\/americana.edu.co\/medellin\/wp-content\/uploads\/2023\/09\/375058251_364232505931446_4192170694214834815_n-1536x1024.jpg 1536w, https:\/\/americana.edu.co\/medellin\/wp-content\/uploads\/2023\/09\/375058251_364232505931446_4192170694214834815_n-1500x1000.jpg 1500w\" sizes=\"(max-width: 2048px) 100vw, 2048px\" \/><\/div>\n","protected":false},"excerpt":{"rendered":"<p>Rector de la UNTRM y Vicerrector de Investigaci\u00f3n de la Corporaci\u00f3n Universitaria Americana coordinan acciones conjuntas para el desarrollo de la educaci\u00f3n e investigaci\u00f3n universitaria El Rector de la Universidad Nacional Toribio Rodr\u00edguez, Jorge Luis Maicelo Quintana, Ph.D., se reuni\u00f3 el d\u00eda de hoy con el Ph.D. Luis Fernando Garc\u00e9s Giraldo, Vicerrector de Investigaci\u00f3n de [&hellip;]<\/p>\n","protected":false},"author":5,"featured_media":97802,"comment_status":"open","ping_status":"open","sticky":false,"template":"","format":"standard","meta":{"om_disable_all_campaigns":false,"footnotes":""},"categories":[163],"tags":[],"yoast_head":"<!-- This site is optimized with the Yoast SEO plugin v22.9 - https:\/\/yoast.com\/wordpress\/plugins\/seo\/ -->\n<title>Alianza Per\u00fa - Colombia en Pro de la educaci\u00f3n e investigaci\u00f3n superior universitaria. &#187; Actualidad Americana<\/title>\n<meta name=\"robots\" content=\"index, follow, max-snippet:-1, max-image-preview:large, max-video-preview:-1\" \/>\n<link rel=\"canonical\" href=\"https:\/\/americana.edu.co\/medellin\/alianza-peru-colombia-en-pro-de-la-educacion-e-investigacion-superior-universitaria\/\" \/>\n<meta property=\"og:locale\" content=\"es_ES\" \/>\n<meta property=\"og:type\" content=\"article\" \/>\n<meta property=\"og:title\" content=\"Alianza Per\u00fa - Colombia en Pro de la educaci\u00f3n e investigaci\u00f3n superior universitaria. &#187; Actualidad Americana\" \/>\n<meta property=\"og:description\" content=\"Rector de la UNTRM y Vicerrector de Investigaci\u00f3n de la Corporaci\u00f3n Universitaria Americana coordinan acciones conjuntas para el desarrollo de la educaci\u00f3n e investigaci\u00f3n universitaria El Rector de la Universidad Nacional Toribio Rodr\u00edguez, Jorge Luis Maicelo Quintana, Ph.D., se reuni\u00f3 el d\u00eda de hoy con el Ph.D. Luis Fernando Garc\u00e9s Giraldo, Vicerrector de Investigaci\u00f3n de [&hellip;]\" \/>\n<meta property=\"og:url\" content=\"https:\/\/americana.edu.co\/medellin\/alianza-peru-colombia-en-pro-de-la-educacion-e-investigacion-superior-universitaria\/\" \/>\n<meta property=\"og:site_name\" content=\"Corporaci\u00f3n Universitaria Americana - Medell\u00edn\" \/>\n<meta property=\"article:published_time\" content=\"2023-09-14T19:55:39+00:00\" \/>\n<meta property=\"article:modified_time\" content=\"2023-09-14T19:59:34+00:00\" \/>\n<meta property=\"og:image\" content=\"https:\/\/americana.edu.co\/medellin\/wp-content\/uploads\/2023\/09\/banner-noticias-alianza-peru\u0301.jpg\" \/>\n\t<meta property=\"og:image:width\" content=\"2232\" \/>\n\t<meta property=\"og:image:height\" content=\"1190\" \/>\n\t<meta property=\"og:image:type\" content=\"image\/jpeg\" \/>\n<meta name=\"author\" content=\"Administrador Web\" \/>\n<meta name=\"twitter:card\" content=\"summary_large_image\" \/>\n<meta name=\"twitter:label1\" content=\"Escrito por\" \/>\n\t<meta name=\"twitter:data1\" content=\"Administrador Web\" \/>\n\t<meta name=\"twitter:label2\" content=\"Tiempo de lectura\" \/>\n\t<meta name=\"twitter:data2\" content=\"1 minuto\" \/>\n<script type=\"application\/ld+json\" class=\"yoast-schema-graph\">{\"@context\":\"https:\/\/schema.org\",\"@graph\":[{\"@type\":\"Article\",\"@id\":\"https:\/\/americana.edu.co\/medellin\/alianza-peru-colombia-en-pro-de-la-educacion-e-investigacion-superior-universitaria\/#article\",\"isPartOf\":{\"@id\":\"https:\/\/americana.edu.co\/medellin\/alianza-peru-colombia-en-pro-de-la-educacion-e-investigacion-superior-universitaria\/\"},\"author\":{\"name\":\"Administrador Web\",\"@id\":\"https:\/\/americana.edu.co\/medellin\/#\/schema\/person\/2ddfdf2113f038048079ea0a4fdba2d2\"},\"headline\":\"Alianza Per\u00fa &#8211; Colombia en Pro de la educaci\u00f3n e investigaci\u00f3n superior universitaria.\",\"datePublished\":\"2023-09-14T19:55:39+00:00\",\"dateModified\":\"2023-09-14T19:59:34+00:00\",\"mainEntityOfPage\":{\"@id\":\"https:\/\/americana.edu.co\/medellin\/alianza-peru-colombia-en-pro-de-la-educacion-e-investigacion-superior-universitaria\/\"},\"wordCount\":170,\"commentCount\":0,\"publisher\":{\"@id\":\"https:\/\/americana.edu.co\/medellin\/#organization\"},\"image\":{\"@id\":\"https:\/\/americana.edu.co\/medellin\/alianza-peru-colombia-en-pro-de-la-educacion-e-investigacion-superior-universitaria\/#primaryimage\"},\"thumbnailUrl\":\"https:\/\/americana.edu.co\/medellin\/wp-content\/uploads\/2023\/09\/banner-noticias-alianza-peru\u0301.jpg\",\"articleSection\":[\"Actualidad Americana - Sede Medell\u00edn\"],\"inLanguage\":\"es\",\"potentialAction\":[{\"@type\":\"CommentAction\",\"name\":\"Comment\",\"target\":[\"https:\/\/americana.edu.co\/medellin\/alianza-peru-colombia-en-pro-de-la-educacion-e-investigacion-superior-universitaria\/#respond\"]}]},{\"@type\":\"WebPage\",\"@id\":\"https:\/\/americana.edu.co\/medellin\/alianza-peru-colombia-en-pro-de-la-educacion-e-investigacion-superior-universitaria\/\",\"url\":\"https:\/\/americana.edu.co\/medellin\/alianza-peru-colombia-en-pro-de-la-educacion-e-investigacion-superior-universitaria\/\",\"name\":\"Alianza Per\u00fa - Colombia en Pro de la educaci\u00f3n e investigaci\u00f3n superior universitaria. &#187; Actualidad Americana\",\"isPartOf\":{\"@id\":\"https:\/\/americana.edu.co\/medellin\/#website\"},\"primaryImageOfPage\":{\"@id\":\"https:\/\/americana.edu.co\/medellin\/alianza-peru-colombia-en-pro-de-la-educacion-e-investigacion-superior-universitaria\/#primaryimage\"},\"image\":{\"@id\":\"https:\/\/americana.edu.co\/medellin\/alianza-peru-colombia-en-pro-de-la-educacion-e-investigacion-superior-universitaria\/#primaryimage\"},\"thumbnailUrl\":\"https:\/\/americana.edu.co\/medellin\/wp-content\/uploads\/2023\/09\/banner-noticias-alianza-peru\u0301.jpg\",\"datePublished\":\"2023-09-14T19:55:39+00:00\",\"dateModified\":\"2023-09-14T19:59:34+00:00\",\"breadcrumb\":{\"@id\":\"https:\/\/americana.edu.co\/medellin\/alianza-peru-colombia-en-pro-de-la-educacion-e-investigacion-superior-universitaria\/#breadcrumb\"},\"inLanguage\":\"es\",\"potentialAction\":[{\"@type\":\"ReadAction\",\"target\":[\"https:\/\/americana.edu.co\/medellin\/alianza-peru-colombia-en-pro-de-la-educacion-e-investigacion-superior-universitaria\/\"]}]},{\"@type\":\"ImageObject\",\"inLanguage\":\"es\",\"@id\":\"https:\/\/americana.edu.co\/medellin\/alianza-peru-colombia-en-pro-de-la-educacion-e-investigacion-superior-universitaria\/#primaryimage\",\"url\":\"https:\/\/americana.edu.co\/medellin\/wp-content\/uploads\/2023\/09\/banner-noticias-alianza-peru\u0301.jpg\",\"contentUrl\":\"https:\/\/americana.edu.co\/medellin\/wp-content\/uploads\/2023\/09\/banner-noticias-alianza-peru\u0301.jpg\",\"width\":2232,\"height\":1190},{\"@type\":\"BreadcrumbList\",\"@id\":\"https:\/\/americana.edu.co\/medellin\/alianza-peru-colombia-en-pro-de-la-educacion-e-investigacion-superior-universitaria\/#breadcrumb\",\"itemListElement\":[{\"@type\":\"ListItem\",\"position\":1,\"name\":\"Portada\",\"item\":\"https:\/\/americana.edu.co\/medellin\/\"},{\"@type\":\"ListItem\",\"position\":2,\"name\":\"Alianza Per\u00fa &#8211; Colombia en Pro de la educaci\u00f3n e investigaci\u00f3n superior universitaria.\"}]},{\"@type\":\"WebSite\",\"@id\":\"https:\/\/americana.edu.co\/medellin\/#website\",\"url\":\"https:\/\/americana.edu.co\/medellin\/\",\"name\":\"Corporaci\u00f3n Universitaria Americana - Medell\u00edn\",\"description\":\"\",\"publisher\":{\"@id\":\"https:\/\/americana.edu.co\/medellin\/#organization\"},\"potentialAction\":[{\"@type\":\"SearchAction\",\"target\":{\"@type\":\"EntryPoint\",\"urlTemplate\":\"https:\/\/americana.edu.co\/medellin\/?s={search_term_string}\"},\"query-input\":\"required name=search_term_string\"}],\"inLanguage\":\"es\"},{\"@type\":\"Organization\",\"@id\":\"https:\/\/americana.edu.co\/medellin\/#organization\",\"name\":\"Corporaci\u00f3n Universitaria Americana Barranquilla\",\"url\":\"https:\/\/americana.edu.co\/medellin\/\",\"logo\":{\"@type\":\"ImageObject\",\"inLanguage\":\"es\",\"@id\":\"https:\/\/americana.edu.co\/medellin\/#\/schema\/logo\/image\/\",\"url\":\"https:\/\/americana.edu.co\/medellin\/wp-content\/uploads\/2022\/11\/logo-americana.png\",\"contentUrl\":\"https:\/\/americana.edu.co\/medellin\/wp-content\/uploads\/2022\/11\/logo-americana.png\",\"width\":161,\"height\":195,\"caption\":\"Corporaci\u00f3n Universitaria Americana Barranquilla\"},\"image\":{\"@id\":\"https:\/\/americana.edu.co\/medellin\/#\/schema\/logo\/image\/\"}},{\"@type\":\"Person\",\"@id\":\"https:\/\/americana.edu.co\/medellin\/#\/schema\/person\/2ddfdf2113f038048079ea0a4fdba2d2\",\"name\":\"Administrador Web\",\"image\":{\"@type\":\"ImageObject\",\"inLanguage\":\"es\",\"@id\":\"https:\/\/americana.edu.co\/medellin\/#\/schema\/person\/image\/\",\"url\":\"https:\/\/secure.gravatar.com\/avatar\/af27df42cee587c3b1216bd1b4bfbc80?s=96&d=mm&r=g\",\"contentUrl\":\"https:\/\/secure.gravatar.com\/avatar\/af27df42cee587c3b1216bd1b4bfbc80?s=96&d=mm&r=g\",\"caption\":\"Administrador Web\"},\"url\":\"https:\/\/americana.edu.co\/medellin\/author\/webmastermd25\/\"}]}<\/script>\n<!-- \/ Yoast SEO plugin. -->","yoast_head_json":{"title":"Alianza Per\u00fa - Colombia en Pro de la educaci\u00f3n e investigaci\u00f3n superior universitaria. &#187; Actualidad Americana","robots":{"index":"index","follow":"follow","max-snippet":"max-snippet:-1","max-image-preview":"max-image-preview:large","max-video-preview":"max-video-preview:-1"},"canonical":"https:\/\/americana.edu.co\/medellin\/alianza-peru-colombia-en-pro-de-la-educacion-e-investigacion-superior-universitaria\/","og_locale":"es_ES","og_type":"article","og_title":"Alianza Per\u00fa - Colombia en Pro de la educaci\u00f3n e investigaci\u00f3n superior universitaria. &#187; Actualidad Americana","og_description":"Rector de la UNTRM y Vicerrector de Investigaci\u00f3n de la Corporaci\u00f3n Universitaria Americana coordinan acciones conjuntas para el desarrollo de la educaci\u00f3n e investigaci\u00f3n universitaria El Rector de la Universidad Nacional Toribio Rodr\u00edguez, Jorge Luis Maicelo Quintana, Ph.D., se reuni\u00f3 el d\u00eda de hoy con el Ph.D. Luis Fernando Garc\u00e9s Giraldo, Vicerrector de Investigaci\u00f3n de [&hellip;]","og_url":"https:\/\/americana.edu.co\/medellin\/alianza-peru-colombia-en-pro-de-la-educacion-e-investigacion-superior-universitaria\/","og_site_name":"Corporaci\u00f3n Universitaria Americana - Medell\u00edn","article_published_time":"2023-09-14T19:55:39+00:00","article_modified_time":"2023-09-14T19:59:34+00:00","og_image":[{"width":2232,"height":1190,"url":"https:\/\/americana.edu.co\/medellin\/wp-content\/uploads\/2023\/09\/banner-noticias-alianza-peru\u0301.jpg","type":"image\/jpeg"}],"author":"Administrador Web","twitter_card":"summary_large_image","twitter_misc":{"Escrito por":"Administrador Web","Tiempo de lectura":"1 minuto"},"schema":{"@context":"https:\/\/schema.org","@graph":[{"@type":"Article","@id":"https:\/\/americana.edu.co\/medellin\/alianza-peru-colombia-en-pro-de-la-educacion-e-investigacion-superior-universitaria\/#article","isPartOf":{"@id":"https:\/\/americana.edu.co\/medellin\/alianza-peru-colombia-en-pro-de-la-educacion-e-investigacion-superior-universitaria\/"},"author":{"name":"Administrador Web","@id":"https:\/\/americana.edu.co\/medellin\/#\/schema\/person\/2ddfdf2113f038048079ea0a4fdba2d2"},"headline":"Alianza Per\u00fa &#8211; Colombia en Pro de la educaci\u00f3n e investigaci\u00f3n superior universitaria.","datePublished":"2023-09-14T19:55:39+00:00","dateModified":"2023-09-14T19:59:34+00:00","mainEntityOfPage":{"@id":"https:\/\/americana.edu.co\/medellin\/alianza-peru-colombia-en-pro-de-la-educacion-e-investigacion-superior-universitaria\/"},"wordCount":170,"commentCount":0,"publisher":{"@id":"https:\/\/americana.edu.co\/medellin\/#organization"},"image":{"@id":"https:\/\/americana.edu.co\/medellin\/alianza-peru-colombia-en-pro-de-la-educacion-e-investigacion-superior-universitaria\/#primaryimage"},"thumbnailUrl":"https:\/\/americana.edu.co\/medellin\/wp-content\/uploads\/2023\/09\/banner-noticias-alianza-peru\u0301.jpg","articleSection":["Actualidad Americana - Sede Medell\u00edn"],"inLanguage":"es","potentialAction":[{"@type":"CommentAction","name":"Comment","target":["https:\/\/americana.edu.co\/medellin\/alianza-peru-colombia-en-pro-de-la-educacion-e-investigacion-superior-universitaria\/#respond"]}]},{"@type":"WebPage","@id":"https:\/\/americana.edu.co\/medellin\/alianza-peru-colombia-en-pro-de-la-educacion-e-investigacion-superior-universitaria\/","url":"https:\/\/americana.edu.co\/medellin\/alianza-peru-colombia-en-pro-de-la-educacion-e-investigacion-superior-universitaria\/","name":"Alianza Per\u00fa - Colombia en Pro de la educaci\u00f3n e investigaci\u00f3n superior universitaria. &#187; Actualidad Americana","isPartOf":{"@id":"https:\/\/americana.edu.co\/medellin\/#website"},"primaryImageOfPage":{"@id":"https:\/\/americana.edu.co\/medellin\/alianza-peru-colombia-en-pro-de-la-educacion-e-investigacion-superior-universitaria\/#primaryimage"},"image":{"@id":"https:\/\/americana.edu.co\/medellin\/alianza-peru-colombia-en-pro-de-la-educacion-e-investigacion-superior-universitaria\/#primaryimage"},"thumbnailUrl":"https:\/\/americana.edu.co\/medellin\/wp-content\/uploads\/2023\/09\/banner-noticias-alianza-peru\u0301.jpg","datePublished":"2023-09-14T19:55:39+00:00","dateModified":"2023-09-14T19:59:34+00:00","breadcrumb":{"@id":"https:\/\/americana.edu.co\/medellin\/alianza-peru-colombia-en-pro-de-la-educacion-e-investigacion-superior-universitaria\/#breadcrumb"},"inLanguage":"es","potentialAction":[{"@type":"ReadAction","target":["https:\/\/americana.edu.co\/medellin\/alianza-peru-colombia-en-pro-de-la-educacion-e-investigacion-superior-universitaria\/"]}]},{"@type":"ImageObject","inLanguage":"es","@id":"https:\/\/americana.edu.co\/medellin\/alianza-peru-colombia-en-pro-de-la-educacion-e-investigacion-superior-universitaria\/#primaryimage","url":"https:\/\/americana.edu.co\/medellin\/wp-content\/uploads\/2023\/09\/banner-noticias-alianza-peru\u0301.jpg","contentUrl":"https:\/\/americana.edu.co\/medellin\/wp-content\/uploads\/2023\/09\/banner-noticias-alianza-peru\u0301.jpg","width":2232,"height":1190},{"@type":"BreadcrumbList","@id":"https:\/\/americana.edu.co\/medellin\/alianza-peru-colombia-en-pro-de-la-educacion-e-investigacion-superior-universitaria\/#breadcrumb","itemListElement":[{"@type":"ListItem","position":1,"name":"Portada","item":"https:\/\/americana.edu.co\/medellin\/"},{"@type":"ListItem","position":2,"name":"Alianza Per\u00fa &#8211; Colombia en Pro de la educaci\u00f3n e investigaci\u00f3n superior universitaria."}]},{"@type":"WebSite","@id":"https:\/\/americana.edu.co\/medellin\/#website","url":"https:\/\/americana.edu.co\/medellin\/","name":"Corporaci\u00f3n Universitaria Americana - Medell\u00edn","description":"","publisher":{"@id":"https:\/\/americana.edu.co\/medellin\/#organization"},"potentialAction":[{"@type":"SearchAction","target":{"@type":"EntryPoint","urlTemplate":"https:\/\/americana.edu.co\/medellin\/?s={search_term_string}"},"query-input":"required name=search_term_string"}],"inLanguage":"es"},{"@type":"Organization","@id":"https:\/\/americana.edu.co\/medellin\/#organization","name":"Corporaci\u00f3n Universitaria Americana Barranquilla","url":"https:\/\/americana.edu.co\/medellin\/","logo":{"@type":"ImageObject","inLanguage":"es","@id":"https:\/\/americana.edu.co\/medellin\/#\/schema\/logo\/image\/","url":"https:\/\/americana.edu.co\/medellin\/wp-content\/uploads\/2022\/11\/logo-americana.png","contentUrl":"https:\/\/americana.edu.co\/medellin\/wp-content\/uploads\/2022\/11\/logo-americana.png","width":161,"height":195,"caption":"Corporaci\u00f3n Universitaria Americana Barranquilla"},"image":{"@id":"https:\/\/americana.edu.co\/medellin\/#\/schema\/logo\/image\/"}},{"@type":"Person","@id":"https:\/\/americana.edu.co\/medellin\/#\/schema\/person\/2ddfdf2113f038048079ea0a4fdba2d2","name":"Administrador Web","image":{"@type":"ImageObject","inLanguage":"es","@id":"https:\/\/americana.edu.co\/medellin\/#\/schema\/person\/image\/","url":"https:\/\/secure.gravatar.com\/avatar\/af27df42cee587c3b1216bd1b4bfbc80?s=96&d=mm&r=g","contentUrl":"https:\/\/secure.gravatar.com\/avatar\/af27df42cee587c3b1216bd1b4bfbc80?s=96&d=mm&r=g","caption":"Administrador Web"},"url":"https:\/\/americana.edu.co\/medellin\/author\/webmastermd25\/"}]}},"_links":{"self":[{"href":"https:\/\/americana.edu.co\/medellin\/wp-json\/wp\/v2\/posts\/97796"}],"collection":[{"href":"https:\/\/americana.edu.co\/medellin\/wp-json\/wp\/v2\/posts"}],"about":[{"href":"https:\/\/americana.edu.co\/medellin\/wp-json\/wp\/v2\/types\/post"}],"author":[{"embeddable":true,"href":"https:\/\/americana.edu.co\/medellin\/wp-json\/wp\/v2\/users\/5"}],"replies":[{"embeddable":true,"href":"https:\/\/americana.edu.co\/medellin\/wp-json\/wp\/v2\/comments?post=97796"}],"version-history":[{"count":2,"href":"https:\/\/americana.edu.co\/medellin\/wp-json\/wp\/v2\/posts\/97796\/revisions"}],"predecessor-version":[{"id":97804,"href":"https:\/\/americana.edu.co\/medellin\/wp-json\/wp\/v2\/posts\/97796\/revisions\/97804"}],"wp:featuredmedia":[{"embeddable":true,"href":"https:\/\/americana.edu.co\/medellin\/wp-json\/wp\/v2\/media\/97802"}],"wp:attachment":[{"href":"https:\/\/americana.edu.co\/medellin\/wp-json\/wp\/v2\/media?parent=97796"}],"wp:term":[{"taxonomy":"category","embeddable":true,"href":"https:\/\/americana.edu.co\/medellin\/wp-json\/wp\/v2\/categories?post=97796"},{"taxonomy":"post_tag","embeddable":true,"href":"https:\/\/americana.edu.co\/medellin\/wp-json\/wp\/v2\/tags?post=97796"}],"curies":[{"name":"wp","href":"https:\/\/api.w.org\/{rel}","templated":true}]}}