{"id":97835,"date":"2023-09-19T18:45:44","date_gmt":"2023-09-19T18:45:44","guid":{"rendered":"https:\/\/americana.edu.co\/medellin\/?p=97835"},"modified":"2023-09-19T21:17:10","modified_gmt":"2023-09-19T21:17:10","slug":"la-institucion-universitaria-americana-por-primera-vez-participa-en-un-encuentro-internacional-de-semilleros-de-investigacion","status":"publish","type":"post","link":"https:\/\/americana.edu.co\/medellin\/la-institucion-universitaria-americana-por-primera-vez-participa-en-un-encuentro-internacional-de-semilleros-de-investigacion\/","title":{"rendered":"La Instituci\u00f3n Universitaria Americana por primera vez participa en un encuentro internacional de Semilleros de Investigaci\u00f3n"},"content":{"rendered":"<h2>La Instituci\u00f3n Universitaria Americana por primera vez participa en un encuentro internacional de Semilleros de Investigaci\u00f3n<\/h2>\n<h2><img loading=\"lazy\" decoding=\"async\" class=\"alignnone size-full wp-image-97836\" src=\"https:\/\/americana.edu.co\/medellin\/wp-content\/uploads\/2023\/09\/Imagen-de-WhatsApp-2023-09-19-a-las-12.03.35.jpg\" alt=\"\" width=\"1024\" height=\"768\" srcset=\"https:\/\/americana.edu.co\/medellin\/wp-content\/uploads\/2023\/09\/Imagen-de-WhatsApp-2023-09-19-a-las-12.03.35.jpg 1024w, https:\/\/americana.edu.co\/medellin\/wp-content\/uploads\/2023\/09\/Imagen-de-WhatsApp-2023-09-19-a-las-12.03.35-300x225.jpg 300w, https:\/\/americana.edu.co\/medellin\/wp-content\/uploads\/2023\/09\/Imagen-de-WhatsApp-2023-09-19-a-las-12.03.35-768x576.jpg 768w\" sizes=\"(max-width: 1024px) 100vw, 1024px\" \/><\/h2>\n<p>La Americana est\u00e1 presente en el \u201c1er Encuentro de C\u00edrculos y Semilleros de Investigaci\u00f3n\u201d que se realiza del 19 al 22 de septiembre de 2023, en la Universidad Nacional Agraria la Molina de Per\u00fa.<\/p>\n<p>Nuestra Instituci\u00f3n participa con los proyectos de investigaci\u00f3n del semillero Innovaci\u00f3n y Gesti\u00f3n Tocol\u00f3gica titulados \u201cAdopci\u00f3n tecnol\u00f3gica de drones para log\u00edstica de mercanc\u00eda desde la perspectiva de consumidores finales de la ciudad de Medell\u00edn\u201d, ponente Michael Sneider Osorio y \u201cDise\u00f1o de un sistema tecnol\u00f3gico industrial para la clasificaci\u00f3n de residuos org\u00e1nicos e inorg\u00e1nicos en edificios residenciales\u201d, ponente Johan Danilo Balbin Mazo. El semillero es liderado por el docente investigador Alejandro Valencia Arias.<\/p>\n<p>El Vicerrector de Investigaci\u00f3n, Luis Fernando Garc\u00e9s Giraldo, y los docentes investigadores Jovany Sep\u00falveda Aguirre y Diego Alejandro Correa Correa se encuentran acompa\u00f1ando a nuestros estudiantes, para buscar que experiencias como esta hagan parte de las actividades de divulgaci\u00f3n de los diferentes Semilleros de Investigaci\u00f3n de la Instituci\u00f3n.<\/p>\n<p>Finalmente, como parte de la agenda del Encuentro se realizar\u00e1 la reuni\u00f3n de Vicerrectores de Investigaci\u00f3n de las Instituciones presentes de los diferentes pa\u00edses, con el Rector de la Universidad Nacional Agraria la Molina de Per\u00fa.<\/p>\n<p><img loading=\"lazy\" decoding=\"async\" class=\"size-full wp-image-97841 aligncenter\" src=\"https:\/\/americana.edu.co\/medellin\/wp-content\/uploads\/2023\/09\/Imagen-de-WhatsApp-2023-09-19-a-las-12.03.332.jpg\" alt=\"\" width=\"768\" height=\"1024\" srcset=\"https:\/\/americana.edu.co\/medellin\/wp-content\/uploads\/2023\/09\/Imagen-de-WhatsApp-2023-09-19-a-las-12.03.332.jpg 768w, https:\/\/americana.edu.co\/medellin\/wp-content\/uploads\/2023\/09\/Imagen-de-WhatsApp-2023-09-19-a-las-12.03.332-225x300.jpg 225w, https:\/\/americana.edu.co\/medellin\/wp-content\/uploads\/2023\/09\/Imagen-de-WhatsApp-2023-09-19-a-las-12.03.332-600x800.jpg 600w\" sizes=\"(max-width: 768px) 100vw, 768px\" \/><\/p>\n<h3 style=\"text-align: center;\">#NadaNosDetiene<\/h3>\n","protected":false},"excerpt":{"rendered":"<p>La Instituci\u00f3n Universitaria Americana por primera vez participa en un encuentro internacional de Semilleros de Investigaci\u00f3n La Americana est\u00e1 presente en el \u201c1er Encuentro de C\u00edrculos y Semilleros de Investigaci\u00f3n\u201d que se realiza del 19 al 22 de septiembre de 2023, en la Universidad Nacional Agraria la Molina de Per\u00fa. Nuestra Instituci\u00f3n participa con los [&hellip;]<\/p>\n","protected":false},"author":5,"featured_media":97846,"comment_status":"open","ping_status":"open","sticky":false,"template":"","format":"standard","meta":{"om_disable_all_campaigns":false,"footnotes":""},"categories":[163],"tags":[],"yoast_head":"<!-- This site is optimized with the Yoast SEO plugin v22.9 - https:\/\/yoast.com\/wordpress\/plugins\/seo\/ -->\n<title>La Instituci\u00f3n Universitaria Americana por primera vez participa en un encuentro internacional de Semilleros de Investigaci\u00f3n &#187; Actualidad Americana<\/title>\n<meta name=\"robots\" content=\"index, follow, max-snippet:-1, max-image-preview:large, max-video-preview:-1\" \/>\n<link rel=\"canonical\" href=\"https:\/\/americana.edu.co\/medellin\/la-institucion-universitaria-americana-por-primera-vez-participa-en-un-encuentro-internacional-de-semilleros-de-investigacion\/\" \/>\n<meta property=\"og:locale\" content=\"es_ES\" \/>\n<meta property=\"og:type\" content=\"article\" \/>\n<meta property=\"og:title\" content=\"La Instituci\u00f3n Universitaria Americana por primera vez participa en un encuentro internacional de Semilleros de Investigaci\u00f3n &#187; Actualidad Americana\" \/>\n<meta property=\"og:description\" content=\"La Instituci\u00f3n Universitaria Americana por primera vez participa en un encuentro internacional de Semilleros de Investigaci\u00f3n La Americana est\u00e1 presente en el \u201c1er Encuentro de C\u00edrculos y Semilleros de Investigaci\u00f3n\u201d que se realiza del 19 al 22 de septiembre de 2023, en la Universidad Nacional Agraria la Molina de Per\u00fa. Nuestra Instituci\u00f3n participa con los [&hellip;]\" \/>\n<meta property=\"og:url\" content=\"https:\/\/americana.edu.co\/medellin\/la-institucion-universitaria-americana-por-primera-vez-participa-en-un-encuentro-internacional-de-semilleros-de-investigacion\/\" \/>\n<meta property=\"og:site_name\" content=\"Corporaci\u00f3n Universitaria Americana - Medell\u00edn\" \/>\n<meta property=\"article:published_time\" content=\"2023-09-19T18:45:44+00:00\" \/>\n<meta property=\"article:modified_time\" content=\"2023-09-19T21:17:10+00:00\" \/>\n<meta property=\"og:image\" content=\"https:\/\/americana.edu.co\/medellin\/wp-content\/uploads\/2023\/09\/banner-noticias-semilleros-de-investigacion.jpg\" \/>\n\t<meta property=\"og:image:width\" content=\"2232\" \/>\n\t<meta property=\"og:image:height\" content=\"1190\" \/>\n\t<meta property=\"og:image:type\" content=\"image\/jpeg\" \/>\n<meta name=\"author\" content=\"Administrador Web\" \/>\n<meta name=\"twitter:card\" content=\"summary_large_image\" \/>\n<meta name=\"twitter:label1\" content=\"Escrito por\" \/>\n\t<meta name=\"twitter:data1\" content=\"Administrador Web\" \/>\n\t<meta name=\"twitter:label2\" content=\"Tiempo de lectura\" \/>\n\t<meta name=\"twitter:data2\" content=\"1 minuto\" \/>\n<script type=\"application\/ld+json\" class=\"yoast-schema-graph\">{\"@context\":\"https:\/\/schema.org\",\"@graph\":[{\"@type\":\"Article\",\"@id\":\"https:\/\/americana.edu.co\/medellin\/la-institucion-universitaria-americana-por-primera-vez-participa-en-un-encuentro-internacional-de-semilleros-de-investigacion\/#article\",\"isPartOf\":{\"@id\":\"https:\/\/americana.edu.co\/medellin\/la-institucion-universitaria-americana-por-primera-vez-participa-en-un-encuentro-internacional-de-semilleros-de-investigacion\/\"},\"author\":{\"name\":\"Administrador Web\",\"@id\":\"https:\/\/americana.edu.co\/medellin\/#\/schema\/person\/2ddfdf2113f038048079ea0a4fdba2d2\"},\"headline\":\"La Instituci\u00f3n Universitaria Americana por primera vez participa en un encuentro internacional de Semilleros de Investigaci\u00f3n\",\"datePublished\":\"2023-09-19T18:45:44+00:00\",\"dateModified\":\"2023-09-19T21:17:10+00:00\",\"mainEntityOfPage\":{\"@id\":\"https:\/\/americana.edu.co\/medellin\/la-institucion-universitaria-americana-por-primera-vez-participa-en-un-encuentro-internacional-de-semilleros-de-investigacion\/\"},\"wordCount\":251,\"commentCount\":0,\"publisher\":{\"@id\":\"https:\/\/americana.edu.co\/medellin\/#organization\"},\"image\":{\"@id\":\"https:\/\/americana.edu.co\/medellin\/la-institucion-universitaria-americana-por-primera-vez-participa-en-un-encuentro-internacional-de-semilleros-de-investigacion\/#primaryimage\"},\"thumbnailUrl\":\"https:\/\/americana.edu.co\/medellin\/wp-content\/uploads\/2023\/09\/banner-noticias-semilleros-de-investigacion.jpg\",\"articleSection\":[\"Actualidad Americana - Sede Medell\u00edn\"],\"inLanguage\":\"es\",\"potentialAction\":[{\"@type\":\"CommentAction\",\"name\":\"Comment\",\"target\":[\"https:\/\/americana.edu.co\/medellin\/la-institucion-universitaria-americana-por-primera-vez-participa-en-un-encuentro-internacional-de-semilleros-de-investigacion\/#respond\"]}]},{\"@type\":\"WebPage\",\"@id\":\"https:\/\/americana.edu.co\/medellin\/la-institucion-universitaria-americana-por-primera-vez-participa-en-un-encuentro-internacional-de-semilleros-de-investigacion\/\",\"url\":\"https:\/\/americana.edu.co\/medellin\/la-institucion-universitaria-americana-por-primera-vez-participa-en-un-encuentro-internacional-de-semilleros-de-investigacion\/\",\"name\":\"La Instituci\u00f3n Universitaria Americana por primera vez participa en un encuentro internacional de Semilleros de Investigaci\u00f3n &#187; Actualidad Americana\",\"isPartOf\":{\"@id\":\"https:\/\/americana.edu.co\/medellin\/#website\"},\"primaryImageOfPage\":{\"@id\":\"https:\/\/americana.edu.co\/medellin\/la-institucion-universitaria-americana-por-primera-vez-participa-en-un-encuentro-internacional-de-semilleros-de-investigacion\/#primaryimage\"},\"image\":{\"@id\":\"https:\/\/americana.edu.co\/medellin\/la-institucion-universitaria-americana-por-primera-vez-participa-en-un-encuentro-internacional-de-semilleros-de-investigacion\/#primaryimage\"},\"thumbnailUrl\":\"https:\/\/americana.edu.co\/medellin\/wp-content\/uploads\/2023\/09\/banner-noticias-semilleros-de-investigacion.jpg\",\"datePublished\":\"2023-09-19T18:45:44+00:00\",\"dateModified\":\"2023-09-19T21:17:10+00:00\",\"breadcrumb\":{\"@id\":\"https:\/\/americana.edu.co\/medellin\/la-institucion-universitaria-americana-por-primera-vez-participa-en-un-encuentro-internacional-de-semilleros-de-investigacion\/#breadcrumb\"},\"inLanguage\":\"es\",\"potentialAction\":[{\"@type\":\"ReadAction\",\"target\":[\"https:\/\/americana.edu.co\/medellin\/la-institucion-universitaria-americana-por-primera-vez-participa-en-un-encuentro-internacional-de-semilleros-de-investigacion\/\"]}]},{\"@type\":\"ImageObject\",\"inLanguage\":\"es\",\"@id\":\"https:\/\/americana.edu.co\/medellin\/la-institucion-universitaria-americana-por-primera-vez-participa-en-un-encuentro-internacional-de-semilleros-de-investigacion\/#primaryimage\",\"url\":\"https:\/\/americana.edu.co\/medellin\/wp-content\/uploads\/2023\/09\/banner-noticias-semilleros-de-investigacion.jpg\",\"contentUrl\":\"https:\/\/americana.edu.co\/medellin\/wp-content\/uploads\/2023\/09\/banner-noticias-semilleros-de-investigacion.jpg\",\"width\":\"2232\",\"height\":\"1190\"},{\"@type\":\"BreadcrumbList\",\"@id\":\"https:\/\/americana.edu.co\/medellin\/la-institucion-universitaria-americana-por-primera-vez-participa-en-un-encuentro-internacional-de-semilleros-de-investigacion\/#breadcrumb\",\"itemListElement\":[{\"@type\":\"ListItem\",\"position\":1,\"name\":\"Portada\",\"item\":\"https:\/\/americana.edu.co\/medellin\/\"},{\"@type\":\"ListItem\",\"position\":2,\"name\":\"La Instituci\u00f3n Universitaria Americana por primera vez participa en un encuentro internacional de Semilleros de Investigaci\u00f3n\"}]},{\"@type\":\"WebSite\",\"@id\":\"https:\/\/americana.edu.co\/medellin\/#website\",\"url\":\"https:\/\/americana.edu.co\/medellin\/\",\"name\":\"Corporaci\u00f3n Universitaria Americana - Medell\u00edn\",\"description\":\"\",\"publisher\":{\"@id\":\"https:\/\/americana.edu.co\/medellin\/#organization\"},\"potentialAction\":[{\"@type\":\"SearchAction\",\"target\":{\"@type\":\"EntryPoint\",\"urlTemplate\":\"https:\/\/americana.edu.co\/medellin\/?s={search_term_string}\"},\"query-input\":\"required name=search_term_string\"}],\"inLanguage\":\"es\"},{\"@type\":\"Organization\",\"@id\":\"https:\/\/americana.edu.co\/medellin\/#organization\",\"name\":\"Corporaci\u00f3n Universitaria Americana Barranquilla\",\"url\":\"https:\/\/americana.edu.co\/medellin\/\",\"logo\":{\"@type\":\"ImageObject\",\"inLanguage\":\"es\",\"@id\":\"https:\/\/americana.edu.co\/medellin\/#\/schema\/logo\/image\/\",\"url\":\"https:\/\/americana.edu.co\/medellin\/wp-content\/uploads\/2022\/11\/logo-americana.png\",\"contentUrl\":\"https:\/\/americana.edu.co\/medellin\/wp-content\/uploads\/2022\/11\/logo-americana.png\",\"width\":161,\"height\":195,\"caption\":\"Corporaci\u00f3n Universitaria Americana Barranquilla\"},\"image\":{\"@id\":\"https:\/\/americana.edu.co\/medellin\/#\/schema\/logo\/image\/\"}},{\"@type\":\"Person\",\"@id\":\"https:\/\/americana.edu.co\/medellin\/#\/schema\/person\/2ddfdf2113f038048079ea0a4fdba2d2\",\"name\":\"Administrador Web\",\"image\":{\"@type\":\"ImageObject\",\"inLanguage\":\"es\",\"@id\":\"https:\/\/americana.edu.co\/medellin\/#\/schema\/person\/image\/\",\"url\":\"https:\/\/secure.gravatar.com\/avatar\/af27df42cee587c3b1216bd1b4bfbc80?s=96&d=mm&r=g\",\"contentUrl\":\"https:\/\/secure.gravatar.com\/avatar\/af27df42cee587c3b1216bd1b4bfbc80?s=96&d=mm&r=g\",\"caption\":\"Administrador Web\"},\"url\":\"https:\/\/americana.edu.co\/medellin\/author\/webmastermd25\/\"}]}<\/script>\n<!-- \/ Yoast SEO plugin. -->","yoast_head_json":{"title":"La Instituci\u00f3n Universitaria Americana por primera vez participa en un encuentro internacional de Semilleros de Investigaci\u00f3n &#187; Actualidad Americana","robots":{"index":"index","follow":"follow","max-snippet":"max-snippet:-1","max-image-preview":"max-image-preview:large","max-video-preview":"max-video-preview:-1"},"canonical":"https:\/\/americana.edu.co\/medellin\/la-institucion-universitaria-americana-por-primera-vez-participa-en-un-encuentro-internacional-de-semilleros-de-investigacion\/","og_locale":"es_ES","og_type":"article","og_title":"La Instituci\u00f3n Universitaria Americana por primera vez participa en un encuentro internacional de Semilleros de Investigaci\u00f3n &#187; Actualidad Americana","og_description":"La Instituci\u00f3n Universitaria Americana por primera vez participa en un encuentro internacional de Semilleros de Investigaci\u00f3n La Americana est\u00e1 presente en el \u201c1er Encuentro de C\u00edrculos y Semilleros de Investigaci\u00f3n\u201d que se realiza del 19 al 22 de septiembre de 2023, en la Universidad Nacional Agraria la Molina de Per\u00fa. Nuestra Instituci\u00f3n participa con los [&hellip;]","og_url":"https:\/\/americana.edu.co\/medellin\/la-institucion-universitaria-americana-por-primera-vez-participa-en-un-encuentro-internacional-de-semilleros-de-investigacion\/","og_site_name":"Corporaci\u00f3n Universitaria Americana - Medell\u00edn","article_published_time":"2023-09-19T18:45:44+00:00","article_modified_time":"2023-09-19T21:17:10+00:00","og_image":[{"width":2232,"height":1190,"url":"https:\/\/americana.edu.co\/medellin\/wp-content\/uploads\/2023\/09\/banner-noticias-semilleros-de-investigacion.jpg","type":"image\/jpeg"}],"author":"Administrador Web","twitter_card":"summary_large_image","twitter_misc":{"Escrito por":"Administrador Web","Tiempo de lectura":"1 minuto"},"schema":{"@context":"https:\/\/schema.org","@graph":[{"@type":"Article","@id":"https:\/\/americana.edu.co\/medellin\/la-institucion-universitaria-americana-por-primera-vez-participa-en-un-encuentro-internacional-de-semilleros-de-investigacion\/#article","isPartOf":{"@id":"https:\/\/americana.edu.co\/medellin\/la-institucion-universitaria-americana-por-primera-vez-participa-en-un-encuentro-internacional-de-semilleros-de-investigacion\/"},"author":{"name":"Administrador Web","@id":"https:\/\/americana.edu.co\/medellin\/#\/schema\/person\/2ddfdf2113f038048079ea0a4fdba2d2"},"headline":"La Instituci\u00f3n Universitaria Americana por primera vez participa en un encuentro internacional de Semilleros de Investigaci\u00f3n","datePublished":"2023-09-19T18:45:44+00:00","dateModified":"2023-09-19T21:17:10+00:00","mainEntityOfPage":{"@id":"https:\/\/americana.edu.co\/medellin\/la-institucion-universitaria-americana-por-primera-vez-participa-en-un-encuentro-internacional-de-semilleros-de-investigacion\/"},"wordCount":251,"commentCount":0,"publisher":{"@id":"https:\/\/americana.edu.co\/medellin\/#organization"},"image":{"@id":"https:\/\/americana.edu.co\/medellin\/la-institucion-universitaria-americana-por-primera-vez-participa-en-un-encuentro-internacional-de-semilleros-de-investigacion\/#primaryimage"},"thumbnailUrl":"https:\/\/americana.edu.co\/medellin\/wp-content\/uploads\/2023\/09\/banner-noticias-semilleros-de-investigacion.jpg","articleSection":["Actualidad Americana - Sede Medell\u00edn"],"inLanguage":"es","potentialAction":[{"@type":"CommentAction","name":"Comment","target":["https:\/\/americana.edu.co\/medellin\/la-institucion-universitaria-americana-por-primera-vez-participa-en-un-encuentro-internacional-de-semilleros-de-investigacion\/#respond"]}]},{"@type":"WebPage","@id":"https:\/\/americana.edu.co\/medellin\/la-institucion-universitaria-americana-por-primera-vez-participa-en-un-encuentro-internacional-de-semilleros-de-investigacion\/","url":"https:\/\/americana.edu.co\/medellin\/la-institucion-universitaria-americana-por-primera-vez-participa-en-un-encuentro-internacional-de-semilleros-de-investigacion\/","name":"La Instituci\u00f3n Universitaria Americana por primera vez participa en un encuentro internacional de Semilleros de Investigaci\u00f3n &#187; Actualidad Americana","isPartOf":{"@id":"https:\/\/americana.edu.co\/medellin\/#website"},"primaryImageOfPage":{"@id":"https:\/\/americana.edu.co\/medellin\/la-institucion-universitaria-americana-por-primera-vez-participa-en-un-encuentro-internacional-de-semilleros-de-investigacion\/#primaryimage"},"image":{"@id":"https:\/\/americana.edu.co\/medellin\/la-institucion-universitaria-americana-por-primera-vez-participa-en-un-encuentro-internacional-de-semilleros-de-investigacion\/#primaryimage"},"thumbnailUrl":"https:\/\/americana.edu.co\/medellin\/wp-content\/uploads\/2023\/09\/banner-noticias-semilleros-de-investigacion.jpg","datePublished":"2023-09-19T18:45:44+00:00","dateModified":"2023-09-19T21:17:10+00:00","breadcrumb":{"@id":"https:\/\/americana.edu.co\/medellin\/la-institucion-universitaria-americana-por-primera-vez-participa-en-un-encuentro-internacional-de-semilleros-de-investigacion\/#breadcrumb"},"inLanguage":"es","potentialAction":[{"@type":"ReadAction","target":["https:\/\/americana.edu.co\/medellin\/la-institucion-universitaria-americana-por-primera-vez-participa-en-un-encuentro-internacional-de-semilleros-de-investigacion\/"]}]},{"@type":"ImageObject","inLanguage":"es","@id":"https:\/\/americana.edu.co\/medellin\/la-institucion-universitaria-americana-por-primera-vez-participa-en-un-encuentro-internacional-de-semilleros-de-investigacion\/#primaryimage","url":"https:\/\/americana.edu.co\/medellin\/wp-content\/uploads\/2023\/09\/banner-noticias-semilleros-de-investigacion.jpg","contentUrl":"https:\/\/americana.edu.co\/medellin\/wp-content\/uploads\/2023\/09\/banner-noticias-semilleros-de-investigacion.jpg","width":"2232","height":"1190"},{"@type":"BreadcrumbList","@id":"https:\/\/americana.edu.co\/medellin\/la-institucion-universitaria-americana-por-primera-vez-participa-en-un-encuentro-internacional-de-semilleros-de-investigacion\/#breadcrumb","itemListElement":[{"@type":"ListItem","position":1,"name":"Portada","item":"https:\/\/americana.edu.co\/medellin\/"},{"@type":"ListItem","position":2,"name":"La Instituci\u00f3n Universitaria Americana por primera vez participa en un encuentro internacional de Semilleros de Investigaci\u00f3n"}]},{"@type":"WebSite","@id":"https:\/\/americana.edu.co\/medellin\/#website","url":"https:\/\/americana.edu.co\/medellin\/","name":"Corporaci\u00f3n Universitaria Americana - Medell\u00edn","description":"","publisher":{"@id":"https:\/\/americana.edu.co\/medellin\/#organization"},"potentialAction":[{"@type":"SearchAction","target":{"@type":"EntryPoint","urlTemplate":"https:\/\/americana.edu.co\/medellin\/?s={search_term_string}"},"query-input":"required name=search_term_string"}],"inLanguage":"es"},{"@type":"Organization","@id":"https:\/\/americana.edu.co\/medellin\/#organization","name":"Corporaci\u00f3n Universitaria Americana Barranquilla","url":"https:\/\/americana.edu.co\/medellin\/","logo":{"@type":"ImageObject","inLanguage":"es","@id":"https:\/\/americana.edu.co\/medellin\/#\/schema\/logo\/image\/","url":"https:\/\/americana.edu.co\/medellin\/wp-content\/uploads\/2022\/11\/logo-americana.png","contentUrl":"https:\/\/americana.edu.co\/medellin\/wp-content\/uploads\/2022\/11\/logo-americana.png","width":161,"height":195,"caption":"Corporaci\u00f3n Universitaria Americana Barranquilla"},"image":{"@id":"https:\/\/americana.edu.co\/medellin\/#\/schema\/logo\/image\/"}},{"@type":"Person","@id":"https:\/\/americana.edu.co\/medellin\/#\/schema\/person\/2ddfdf2113f038048079ea0a4fdba2d2","name":"Administrador Web","image":{"@type":"ImageObject","inLanguage":"es","@id":"https:\/\/americana.edu.co\/medellin\/#\/schema\/person\/image\/","url":"https:\/\/secure.gravatar.com\/avatar\/af27df42cee587c3b1216bd1b4bfbc80?s=96&d=mm&r=g","contentUrl":"https:\/\/secure.gravatar.com\/avatar\/af27df42cee587c3b1216bd1b4bfbc80?s=96&d=mm&r=g","caption":"Administrador Web"},"url":"https:\/\/americana.edu.co\/medellin\/author\/webmastermd25\/"}]}},"_links":{"self":[{"href":"https:\/\/americana.edu.co\/medellin\/wp-json\/wp\/v2\/posts\/97835"}],"collection":[{"href":"https:\/\/americana.edu.co\/medellin\/wp-json\/wp\/v2\/posts"}],"about":[{"href":"https:\/\/americana.edu.co\/medellin\/wp-json\/wp\/v2\/types\/post"}],"author":[{"embeddable":true,"href":"https:\/\/americana.edu.co\/medellin\/wp-json\/wp\/v2\/users\/5"}],"replies":[{"embeddable":true,"href":"https:\/\/americana.edu.co\/medellin\/wp-json\/wp\/v2\/comments?post=97835"}],"version-history":[{"count":4,"href":"https:\/\/americana.edu.co\/medellin\/wp-json\/wp\/v2\/posts\/97835\/revisions"}],"predecessor-version":[{"id":97848,"href":"https:\/\/americana.edu.co\/medellin\/wp-json\/wp\/v2\/posts\/97835\/revisions\/97848"}],"wp:featuredmedia":[{"embeddable":true,"href":"https:\/\/americana.edu.co\/medellin\/wp-json\/wp\/v2\/media\/97846"}],"wp:attachment":[{"href":"https:\/\/americana.edu.co\/medellin\/wp-json\/wp\/v2\/media?parent=97835"}],"wp:term":[{"taxonomy":"category","embeddable":true,"href":"https:\/\/americana.edu.co\/medellin\/wp-json\/wp\/v2\/categories?post=97835"},{"taxonomy":"post_tag","embeddable":true,"href":"https:\/\/americana.edu.co\/medellin\/wp-json\/wp\/v2\/tags?post=97835"}],"curies":[{"name":"wp","href":"https:\/\/api.w.org\/{rel}","templated":true}]}}